{"id":5480,"date":"2026-04-26T19:45:20","date_gmt":"2026-04-26T17:45:20","guid":{"rendered":"https:\/\/mastercomercioexterior.es\/malaga\/?p=5480"},"modified":"2026-04-26T20:01:34","modified_gmt":"2026-04-26T18:01:34","slug":"nueva-edicion-2026-2027-del-master-en-internacionalizacion-de-empresas-impulsa-tu-carrera-global","status":"publish","type":"post","link":"https:\/\/mastercomercioexterior.es\/malaga\/blog\/nueva-edicion-2026-2027-del-master-en-internacionalizacion-de-empresas-impulsa-tu-carrera-global\/","title":{"rendered":"Nueva edici\u00f3n 2026\u20132027 del M\u00e1ster en Internacionalizaci\u00f3n de Empresas: impulsa tu carrera global"},"content":{"rendered":"\n[et_pb_section fb_built=\u00bb1&#8243; fullwidth=\u00bbon\u00bb _builder_version=\u00bb4.27.6&#8243; _module_preset=\u00bbdefault\u00bb global_colors_info=\u00bb{}\u00bb][et_pb_fullwidth_image src=\u00bbhttps:\/\/mastercomercioexterior.es\/malaga\/wp-content\/uploads\/2026\/01\/cabecera-master-2026.jpg\u00bb title_text=\u00bbroll-up\u00bb _builder_version=\u00bb4.27.6&#8243; _module_preset=\u00bbdefault\u00bb global_colors_info=\u00bb{}\u00bb][\/et_pb_fullwidth_image][\/et_pb_section][et_pb_section fb_built=\u00bb1&#8243; _builder_version=\u00bb4.27.6&#8243; _module_preset=\u00bbdefault\u00bb global_colors_info=\u00bb{}\u00bb][et_pb_row _builder_version=\u00bb4.27.6&#8243; _module_preset=\u00bbdefault\u00bb global_colors_info=\u00bb{}\u00bb][et_pb_column type=\u00bb4_4&#8243; _builder_version=\u00bb4.27.6&#8243; _module_preset=\u00bbdefault\u00bb global_colors_info=\u00bb{}\u00bb][et_pb_text _builder_version=\u00bb4.27.6&#8243; _module_preset=\u00bbdefault\u00bb global_colors_info=\u00bb{}\u00bb]<h1><span>Nueva edici\u00f3n 2026\u20132027 del M\u00e1ster en Internacionalizaci\u00f3n de Empresas: impulsa tu carrera global<\/span><\/h1>\n<p class=\"isSelectedEnd\"><span>En un entorno empresarial cada vez m\u00e1s globalizado, las compa\u00f1\u00edas buscan profesionales capaces de identificar oportunidades, dise\u00f1ar estrategias internacionales y liderar procesos de expansi\u00f3n en nuevos mercados.<\/span><\/p>\n<p class=\"isSelectedEnd\"><span>La nueva edici\u00f3n 2026\u20132027 del <\/span><strong><span>M\u00e1ster en Internacionalizaci\u00f3n de Empresas de la C\u00e1mara de Comercio de M\u00e1laga<\/span><\/strong><span> est\u00e1 dise\u00f1ada precisamente para eso: ayudarte a convertirte en el perfil que demandan las empresas hoy.<\/span><\/p>\n<h2><span>Una formaci\u00f3n adaptada a la realidad empresarial<\/span><\/h2>\n<p class=\"isSelectedEnd\"><span>Este m\u00e1ster combina una s\u00f3lida base estrat\u00e9gica con un enfoque totalmente pr\u00e1ctico. Aprender\u00e1s no solo los conceptos clave de la internacionalizaci\u00f3n, sino tambi\u00e9n c\u00f3mo aplicarlos en situaciones reales.<\/span><\/p>\n<p class=\"isSelectedEnd\"><span>La modalidad semipresencial te permite compaginar tu formaci\u00f3n con otras actividades, integrando sesiones en directo (streaming) con formaci\u00f3n presencial en la C\u00e1mara de Comercio.<\/span><\/p>\n<h2><span>Aprende haciendo: metodolog\u00eda experiencial<\/span><\/h2>\n<p class=\"isSelectedEnd\"><span>Uno de los grandes diferenciales del programa es su enfoque pr\u00e1ctico. Durante el m\u00e1ster:<\/span><\/p>\n<ul data-spread=\"false\">\n<li><span>Desarrollar\u00e1s un <\/span><strong><span>proyecto real de internacionalizaci\u00f3n<\/span><\/strong><\/li>\n<li><span>Trabajar\u00e1s en entornos empresariales reales<\/span><\/li>\n<li><span>Aplicar\u00e1s herramientas y estrategias utilizadas por profesionales en activo<\/span><\/li>\n<\/ul>\n<p class=\"isSelectedEnd\"><span>Este enfoque te prepara para enfrentarte con seguridad a los retos del mercado global.<\/span><\/p>\n<p class=\"isSelectedEnd\"><span><\/span><\/p>\n<h2><span>Claustro profesional y excelencia acad\u00e9mica<\/span><\/h2>\n<p class=\"isSelectedEnd\"><span>El programa cuenta con un equipo docente formado por profesionales en activo, expertos en comercio exterior e internacionalizaci\u00f3n empresarial. <\/span><span>Esto garantiza una formaci\u00f3n actualizada, conectada con la realidad del mercado y orientada a resultados.<\/span><\/p>\n<p class=\"isSelectedEnd\"><span><\/span><\/p>\n<h2><span>Conexi\u00f3n directa con el mundo empresarial<\/span><\/h2>\n<p class=\"isSelectedEnd\"><span>Las C\u00e1maras de Comercio son una red de referencia internacional, lo que facilita el contacto directo con empresas y profesionales del sector.<\/span><\/p>\n<p class=\"isSelectedEnd\"><span>Adem\u00e1s, el m\u00e1ster est\u00e1 dise\u00f1ado para mejorar tu empleabilidad desde el primer d\u00eda.<\/span><\/p>\n<p class=\"isSelectedEnd\"><span><\/span><\/p>\n<h2><span>Alta empleabilidad: impulsa tu futuro profesional<\/span><\/h2>\n<p class=\"isSelectedEnd\"><span>Al finalizar el m\u00e1ster, estar\u00e1s preparado para:<\/span><\/p>\n<ul data-spread=\"false\">\n<li><span>Dise\u00f1ar e implementar planes de internacionalizaci\u00f3n<\/span><\/li>\n<li><span>Gestionar operaciones en mercados internacionales<\/span><\/li>\n<li><span>Tomar decisiones estrat\u00e9gicas en entornos globales<\/span><\/li>\n<\/ul>\n<p class=\"isSelectedEnd\"><span>Con una tasa de inserci\u00f3n laboral superior al 98%, este programa es una apuesta s\u00f3lida para tu futuro.<\/span><\/p>\n<p class=\"isSelectedEnd\"><span><\/span><\/p>\n<h2><span>Ayudas y financiaci\u00f3n<\/span><\/h2>\n<p class=\"isSelectedEnd\"><span>El m\u00e1ster ofrece diferentes opciones para facilitar tu acceso:<\/span><\/p>\n<ul data-spread=\"false\">\n<li><span>Bonificaci\u00f3n a trav\u00e9s de cr\u00e9ditos formativos (FUNDAE)<\/span><\/li>\n<li><span>Condiciones especiales para empresas del Club de Exportaci\u00f3n Hub M\u00e1laga Export<\/span><\/li>\n<li><span>Opciones de financiaci\u00f3n adaptadas<\/span><span><\/span><span><\/span><\/li>\n<\/ul>[\/et_pb_text][\/et_pb_column][\/et_pb_row][et_pb_row _builder_version=\u00bb4.27.6&#8243; _module_preset=\u00bbdefault\u00bb global_colors_info=\u00bb{}\u00bb][et_pb_column type=\u00bb4_4&#8243; _builder_version=\u00bb4.27.6&#8243; _module_preset=\u00bbdefault\u00bb global_colors_info=\u00bb{}\u00bb][et_pb_cta title=\u00bbAbierto el plazo de inscripci\u00f3n\u00bb button_url=\u00bbhttps:\/\/mastercomercioexterior.es\/malaga\/contactos-master\/\u00bb button_text=\u00bbDa el salto internacional que tu carrera necesita\u00bb _builder_version=\u00bb4.27.6&#8243; _module_preset=\u00bbdefault\u00bb background_color=\u00bb#FFFFFF\u00bb background_layout=\u00bblight\u00bb hover_enabled=\u00bb0&#8243; box_shadow_style=\u00bbpreset2&#8243; box_shadow_horizontal=\u00bb-2px\u00bb box_shadow_vertical=\u00bb2px\u00bb global_colors_info=\u00bb{}\u00bb box_shadow_blur=\u00bb10px\u00bb box_shadow_spread=\u00bb-3px\u00bb sticky_enabled=\u00bb0&#8243;]<p class=\"isSelectedEnd\" style=\"text-align: center;\"><span>La nueva edici\u00f3n 2026\u20132027 ya tiene sus <\/span><strong><span>plazas abiertas<\/span><\/strong><span>.<\/span><\/p>\n<p class=\"isSelectedEnd\" style=\"text-align: center;\"><span>Si quieres dar un paso decisivo en tu carrera profesional y especializarte en un \u00e1rea con alta demanda, este es el momento.<\/span><\/p>[\/et_pb_cta][\/et_pb_column][\/et_pb_row][\/et_pb_section]\n<div class=\"et_social_inline et_social_mobile_on et_social_inline_bottom\">\n\t\t\t\t<div class=\"et_social_networks et_social_4col et_social_simple et_social_rounded et_social_left et_social_no_animation et_social_withcounts et_social_withnetworknames et_social_outer_dark\">\n\t\t\t\t\t\n\t\t\t\t\t<ul class=\"et_social_icons_container\"><li class=\"et_social_facebook\">\n\t\t\t\t\t\t\t\t\t<a href=\"http:\/\/www.facebook.com\/sharer.php?u=https%3A%2F%2Fmastercomercioexterior.es%2Fmalaga%2Fblog%2Fnueva-edicion-2026-2027-del-master-en-internacionalizacion-de-empresas-impulsa-tu-carrera-global%2F&#038;t=Nueva%20edici%C3%B3n%202026%E2%80%932027%20del%20M%C3%A1ster%20en%20Internacionalizaci%C3%B3n%20de%20Empresas%3A%20impulsa%20tu%20carrera%20global\" class=\"et_social_share et_social_display_count\" rel=\"nofollow\" data-social_name=\"facebook\" data-post_id=\"5480\" data-social_type=\"share\" data-location=\"inline\" data-min_count=\"10\">\n\t\t\t\t\t\t\t\t\t\t<i class=\"et_social_icon et_social_icon_facebook\"><\/i><div class=\"et_social_network_label\"><div class=\"et_social_networkname\">Facebook<\/div><\/div><span class=\"et_social_overlay\"><\/span>\n\t\t\t\t\t\t\t\t\t<\/a>\n\t\t\t\t\t\t\t\t<\/li><li class=\"et_social_linkedin\">\n\t\t\t\t\t\t\t\t\t<a href=\"http:\/\/www.linkedin.com\/shareArticle?mini=true&#038;url=https%3A%2F%2Fmastercomercioexterior.es%2Fmalaga%2Fblog%2Fnueva-edicion-2026-2027-del-master-en-internacionalizacion-de-empresas-impulsa-tu-carrera-global%2F&#038;title=Nueva%20edici%C3%B3n%202026%E2%80%932027%20del%20M%C3%A1ster%20en%20Internacionalizaci%C3%B3n%20de%20Empresas%3A%20impulsa%20tu%20carrera%20global\" class=\"et_social_share et_social_display_count\" rel=\"nofollow\" data-social_name=\"linkedin\" data-post_id=\"5480\" data-social_type=\"share\" data-location=\"inline\" data-min_count=\"10\">\n\t\t\t\t\t\t\t\t\t\t<i class=\"et_social_icon et_social_icon_linkedin\"><\/i><div class=\"et_social_network_label\"><div class=\"et_social_networkname\">LinkedIn<\/div><\/div><span class=\"et_social_overlay\"><\/span>\n\t\t\t\t\t\t\t\t\t<\/a>\n\t\t\t\t\t\t\t\t<\/li><\/ul>\n\t\t\t\t<\/div>\n\t\t\t<\/div>","protected":false},"excerpt":{"rendered":"<p>Nueva edici\u00f3n 2026\u20132027 del M\u00e1ster en Internacionalizaci\u00f3n de Empresas: impulsa tu carrera global En un entorno empresarial cada vez m\u00e1s globalizado, las compa\u00f1\u00edas buscan profesionales capaces de identificar oportunidades, dise\u00f1ar estrategias internacionales y liderar procesos de expansi\u00f3n en nuevos mercados. La nueva edici\u00f3n 2026\u20132027 del M\u00e1ster en Internacionalizaci\u00f3n de Empresas de la C\u00e1mara de Comercio [&hellip;]<\/p>\n","protected":false},"author":10,"featured_media":0,"comment_status":"closed","ping_status":"open","sticky":false,"template":"","format":"standard","meta":{"_et_pb_use_builder":"on","_et_pb_old_content":"<!-- wp:divi\/placeholder \/-->","_et_gb_content_width":"2880","footnotes":""},"class_list":["post-5480","post","type-post","status-publish","format-standard","hentry","category-noticias-comex"],"_links":{"self":[{"href":"https:\/\/mastercomercioexterior.es\/malaga\/wp-json\/wp\/v2\/posts\/5480","targetHints":{"allow":["GET"]}}],"collection":[{"href":"https:\/\/mastercomercioexterior.es\/malaga\/wp-json\/wp\/v2\/posts"}],"about":[{"href":"https:\/\/mastercomercioexterior.es\/malaga\/wp-json\/wp\/v2\/types\/post"}],"author":[{"embeddable":true,"href":"https:\/\/mastercomercioexterior.es\/malaga\/wp-json\/wp\/v2\/users\/10"}],"replies":[{"embeddable":true,"href":"https:\/\/mastercomercioexterior.es\/malaga\/wp-json\/wp\/v2\/comments?post=5480"}],"version-history":[{"count":7,"href":"https:\/\/mastercomercioexterior.es\/malaga\/wp-json\/wp\/v2\/posts\/5480\/revisions"}],"predecessor-version":[{"id":5489,"href":"https:\/\/mastercomercioexterior.es\/malaga\/wp-json\/wp\/v2\/posts\/5480\/revisions\/5489"}],"wp:attachment":[{"href":"https:\/\/mastercomercioexterior.es\/malaga\/wp-json\/wp\/v2\/media?parent=5480"}],"curies":[{"name":"wp","href":"https:\/\/api.w.org\/{rel}","templated":true}]}}