{"id":5455,"date":"2026-02-21T11:04:57","date_gmt":"2026-02-21T10:04:57","guid":{"rendered":"https:\/\/mastercomercioexterior.es\/malaga\/?p=5455"},"modified":"2026-02-21T11:08:51","modified_gmt":"2026-02-21T10:08:51","slug":"quieres-construir-una-carrera-con-proyeccion-internacional","status":"publish","type":"post","link":"https:\/\/mastercomercioexterior.es\/malaga\/blog\/quieres-construir-una-carrera-con-proyeccion-internacional\/","title":{"rendered":"\u00bfQuieres construir una carrera con proyecci\u00f3n internacional?"},"content":{"rendered":"\n[et_pb_section fb_built=\u00bb1&#8243; fullwidth=\u00bbon\u00bb theme_builder_area=\u00bbpost_content\u00bb _builder_version=\u00bb4.27.5&#8243; _module_preset=\u00bbdefault\u00bb][et_pb_fullwidth_header title=\u00bb\u00bfQuieres construir una carrera con proyecci\u00f3n internacional?\u00bb _builder_version=\u00bb4.27.5&#8243; _module_preset=\u00bbdefault\u00bb theme_builder_area=\u00bbpost_content\u00bb background_color=\u00bb#FFFFFF\u00bb text_orientation=\u00bbcenter\u00bb background_layout=\u00bblight\u00bb hover_enabled=\u00bb0&#8243; sticky_enabled=\u00bb0&#8243; custom_padding=\u00bb||2px|||\u00bb][\/et_pb_fullwidth_header][\/et_pb_section][et_pb_section fb_built=\u00bb1&#8243; theme_builder_area=\u00bbpost_content\u00bb _builder_version=\u00bb4.27.5&#8243; _module_preset=\u00bbdefault\u00bb custom_padding=\u00bb||2px|||\u00bb][et_pb_row _builder_version=\u00bb4.27.5&#8243; _module_preset=\u00bbdefault\u00bb theme_builder_area=\u00bbpost_content\u00bb][et_pb_column _builder_version=\u00bb4.27.5&#8243; _module_preset=\u00bbdefault\u00bb type=\u00bb4_4&#8243; theme_builder_area=\u00bbpost_content\u00bb][et_pb_text _builder_version=\u00bb4.27.5&#8243; _module_preset=\u00bbdefault\u00bb theme_builder_area=\u00bbpost_content\u00bb hover_enabled=\u00bb0&#8243; sticky_enabled=\u00bb0&#8243;]<p data-start=\"67\" data-end=\"424\">En la <span class=\"hover:entity-accent entity-underline inline cursor-pointer align-baseline\"><span class=\"whitespace-normal\">C\u00e1mara de Comercio de M\u00e1laga<\/span><\/span> creemos que el comercio internacional no se aprende en el plano te\u00f3rico, se aprende trabajando con casos reales, entendiendo c\u00f3mo operan las empresas que exportan e importan y desarrollando habilidades que el mercado demanda hoy. El programa AIM est\u00e1 dise\u00f1ado para eso: convertir conocimiento en capacidad profesional.<\/p>\n<p data-start=\"67\" data-end=\"424\">Hoy, el comercio internacional no es una opci\u00f3n para las empresas: es una necesidad estrat\u00e9gica. Cada vez m\u00e1s compa\u00f1\u00edas desde pymes hasta grandes grupos dependen de proveedores internacionales, exportan parte de su producci\u00f3n o buscan diversificar mercados para crecer y reducir riesgos. La globalizaci\u00f3n, la digitalizaci\u00f3n y el e-commerce transfronterizo han ampliado las oportunidades, pero tambi\u00e9n la complejidad. Por eso, la formaci\u00f3n especializada en comercio exterior tiene una proyecci\u00f3n clara de futuro: las empresas necesitan profesionales preparados para gestionar esa complejidad con criterio y seguridad.<\/p>\n<p data-start=\"426\" data-end=\"759\">Aqu\u00ed no solo estudias estrategia internacional. Aprendes a gestionar operaciones reales, trabajar con documentaci\u00f3n aduanera, aplicar Incoterms con criterio, negociar con clientes extranjeros y comunicarte en ingl\u00e9s profesional.\u00a0<\/p>[\/et_pb_text][\/et_pb_column][\/et_pb_row][\/et_pb_section][et_pb_section fb_built=\u00bb1&#8243; theme_builder_area=\u00bbpost_content\u00bb _builder_version=\u00bb4.27.5&#8243; _module_preset=\u00bbdefault\u00bb custom_padding=\u00bb||13px|||\u00bb][et_pb_row _builder_version=\u00bb4.27.5&#8243; _module_preset=\u00bbdefault\u00bb column_structure=\u00bb1_2,1_2&#8243; theme_builder_area=\u00bbpost_content\u00bb][et_pb_column _builder_version=\u00bb4.27.5&#8243; _module_preset=\u00bbdefault\u00bb type=\u00bb1_2&#8243; theme_builder_area=\u00bbpost_content\u00bb][et_pb_image src=\u00bbhttps:\/\/mastercomercioexterior.es\/malaga\/wp-content\/uploads\/2026\/02\/AIM-Publicacion-1.png\u00bb _builder_version=\u00bb4.27.5&#8243; _module_preset=\u00bbdefault\u00bb theme_builder_area=\u00bbpost_content\u00bb title_text=\u00bbAIM Publicaci\u00f3n (1)\u00bb hover_enabled=\u00bb0&#8243; sticky_enabled=\u00bb0&#8243;][\/et_pb_image][\/et_pb_column][et_pb_column _builder_version=\u00bb4.27.5&#8243; _module_preset=\u00bbdefault\u00bb type=\u00bb1_2&#8243; theme_builder_area=\u00bbpost_content\u00bb][et_pb_text _builder_version=\u00bb4.27.5&#8243; _module_preset=\u00bbdefault\u00bb theme_builder_area=\u00bbpost_content\u00bb hover_enabled=\u00bb0&#8243; sticky_enabled=\u00bb0&#8243;]<h3 data-start=\"802\" data-end=\"976\"><strong data-start=\"805\" data-end=\"826\">\u00bfPara qui\u00e9n es ideal el AIM?<\/strong><\/h3>\n<p data-start=\"802\" data-end=\"976\"><strong data-start=\"805\" data-end=\"826\">J\u00f3venes graduados<\/strong> en ADE, Econom\u00eda, Marketing, Derecho, Relaciones Internacionales <strong>o FP de Comercio Internacional que quieran especializarse y diferenciar su perfil.<\/strong><\/p>\n<p data-start=\"978\" data-end=\"1159\"><strong data-start=\"981\" data-end=\"1005\">Profesionales junior<\/strong> que ya trabajan en departamentos de exportaci\u00f3n, compras internacionales o log\u00edstica y buscan consolidar conocimientos para asumir m\u00e1s responsabilidad.<\/p>\n<p data-start=\"1161\" data-end=\"1359\"><strong data-start=\"1164\" data-end=\"1186\">Mandos intermedios<\/strong> en pymes exportadoras que necesitan reforzar su visi\u00f3n estrat\u00e9gica, mejorar su capacidad de negociaci\u00f3n internacional y profesionalizar la gesti\u00f3n exterior de su empresa.<\/p>\n<p data-start=\"1361\" data-end=\"1518\"><strong data-start=\"1364\" data-end=\"1402\">T\u00e9cnicos de comercio internacional<\/strong> que desean actualizarse en operativa, normativa y estrategia para avanzar hacia puestos de mayor responsabilidad.<\/p>\n<p data-start=\"1520\" data-end=\"1660\"><strong data-start=\"1523\" data-end=\"1551\">Emprendedores y gerentes<\/strong> que quieren internacionalizar su negocio con una base s\u00f3lida y minimizar riesgos en su expansi\u00f3n exterior.<\/p>\n<p data-start=\"1662\" data-end=\"1770\"><strong data-start=\"1665\" data-end=\"1707\">Profesionales en transici\u00f3n de carrera<\/strong> que buscan reorientarse hacia un sector con proyecci\u00f3n global.<\/p>[\/et_pb_text][\/et_pb_column][\/et_pb_row][et_pb_row _builder_version=\u00bb4.27.5&#8243; _module_preset=\u00bbdefault\u00bb theme_builder_area=\u00bbpost_content\u00bb][et_pb_column _builder_version=\u00bb4.27.5&#8243; _module_preset=\u00bbdefault\u00bb type=\u00bb4_4&#8243; theme_builder_area=\u00bbpost_content\u00bb][et_pb_text _builder_version=\u00bb4.27.5&#8243; _module_preset=\u00bbdefault\u00bb theme_builder_area=\u00bbpost_content\u00bb hover_enabled=\u00bb0&#8243; sticky_enabled=\u00bb0&#8243;]<p data-start=\"1777\" data-end=\"2036\">Adem\u00e1s de la formaci\u00f3n, el valor diferencial est\u00e1 en el entorno: formar parte del ecosistema empresarial de la C\u00e1mara significa contacto directo con empresas reales, networking profesional y acceso a oportunidades que muchas veces no se publican abiertamente.<\/p>\n<p data-start=\"2038\" data-end=\"2213\">El comercio internacional no es el futuro: es el presente.<br data-start=\"2099\" data-end=\"2102\" \/>Las empresas necesitan perfiles preparados para operar en mercados globales con seguridad y visi\u00f3n estrat\u00e9gica.<\/p>[\/et_pb_text][\/et_pb_column][\/et_pb_row][et_pb_row _builder_version=\u00bb4.27.5&#8243; _module_preset=\u00bbdefault\u00bb theme_builder_area=\u00bbpost_content\u00bb][et_pb_column _builder_version=\u00bb4.27.5&#8243; _module_preset=\u00bbdefault\u00bb type=\u00bb4_4&#8243; theme_builder_area=\u00bbpost_content\u00bb][et_pb_cta title=\u00bbEmpieza ahora tu proyecci\u00f3n internacional\u00bb button_text=\u00bbSolicita m\u00e1s informaci\u00f3n\u00bb _builder_version=\u00bb4.27.5&#8243; _module_preset=\u00bbdefault\u00bb theme_builder_area=\u00bbpost_content\u00bb background_color=\u00bb#FFFFFF\u00bb background_layout=\u00bblight\u00bb button_url=\u00bbhttps:\/\/mastercomercioexterior.es\/malaga\/contactos-master\/\u00bb hover_enabled=\u00bb0&#8243; sticky_enabled=\u00bb0&#8243;]<p>Si quieres posicionarte como un profesional clave en ese crecimiento y asumir un rol estrat\u00e9gico en la internacionalizaci\u00f3n empresarial, este es tu momento.<\/p>[\/et_pb_cta][\/et_pb_column][\/et_pb_row][\/et_pb_section]\n<div class=\"et_social_inline et_social_mobile_on et_social_inline_bottom\">\n\t\t\t\t<div class=\"et_social_networks et_social_4col et_social_simple et_social_rounded et_social_left et_social_no_animation et_social_withcounts et_social_withnetworknames et_social_outer_dark\">\n\t\t\t\t\t\n\t\t\t\t\t<ul class=\"et_social_icons_container\"><li class=\"et_social_facebook\">\n\t\t\t\t\t\t\t\t\t<a href=\"http:\/\/www.facebook.com\/sharer.php?u=https%3A%2F%2Fmastercomercioexterior.es%2Fmalaga%2Fblog%2Fquieres-construir-una-carrera-con-proyeccion-internacional%2F&#038;t=%C2%BFQuieres%20construir%20una%20carrera%20con%20proyecci%C3%B3n%20internacional%3F\" class=\"et_social_share et_social_display_count\" rel=\"nofollow\" data-social_name=\"facebook\" data-post_id=\"5455\" data-social_type=\"share\" data-location=\"inline\" data-min_count=\"10\">\n\t\t\t\t\t\t\t\t\t\t<i class=\"et_social_icon et_social_icon_facebook\"><\/i><div class=\"et_social_network_label\"><div class=\"et_social_networkname\">Facebook<\/div><\/div><span class=\"et_social_overlay\"><\/span>\n\t\t\t\t\t\t\t\t\t<\/a>\n\t\t\t\t\t\t\t\t<\/li><li class=\"et_social_linkedin\">\n\t\t\t\t\t\t\t\t\t<a href=\"http:\/\/www.linkedin.com\/shareArticle?mini=true&#038;url=https%3A%2F%2Fmastercomercioexterior.es%2Fmalaga%2Fblog%2Fquieres-construir-una-carrera-con-proyeccion-internacional%2F&#038;title=%C2%BFQuieres%20construir%20una%20carrera%20con%20proyecci%C3%B3n%20internacional%3F\" class=\"et_social_share et_social_display_count\" rel=\"nofollow\" data-social_name=\"linkedin\" data-post_id=\"5455\" data-social_type=\"share\" data-location=\"inline\" data-min_count=\"10\">\n\t\t\t\t\t\t\t\t\t\t<i class=\"et_social_icon et_social_icon_linkedin\"><\/i><div class=\"et_social_network_label\"><div class=\"et_social_networkname\">LinkedIn<\/div><\/div><span class=\"et_social_overlay\"><\/span>\n\t\t\t\t\t\t\t\t\t<\/a>\n\t\t\t\t\t\t\t\t<\/li><\/ul>\n\t\t\t\t<\/div>\n\t\t\t<\/div>","protected":false},"excerpt":{"rendered":"<p>En la C\u00e1mara de Comercio de M\u00e1laga creemos que el comercio internacional no se aprende en el plano te\u00f3rico, se aprende trabajando con casos reales, entendiendo c\u00f3mo operan las empresas que exportan e importan y desarrollando habilidades que el mercado demanda hoy. El programa AIM est\u00e1 dise\u00f1ado para eso: convertir conocimiento en capacidad profesional. Hoy, [&hellip;]<\/p>\n","protected":false},"author":10,"featured_media":5458,"comment_status":"closed","ping_status":"open","sticky":false,"template":"","format":"standard","meta":{"_et_pb_use_builder":"on","_et_pb_old_content":"","_et_gb_content_width":"","footnotes":""},"class_list":["post-5455","post","type-post","status-publish","format-standard","has-post-thumbnail","hentry","category-noticias-comex"],"_links":{"self":[{"href":"https:\/\/mastercomercioexterior.es\/malaga\/wp-json\/wp\/v2\/posts\/5455","targetHints":{"allow":["GET"]}}],"collection":[{"href":"https:\/\/mastercomercioexterior.es\/malaga\/wp-json\/wp\/v2\/posts"}],"about":[{"href":"https:\/\/mastercomercioexterior.es\/malaga\/wp-json\/wp\/v2\/types\/post"}],"author":[{"embeddable":true,"href":"https:\/\/mastercomercioexterior.es\/malaga\/wp-json\/wp\/v2\/users\/10"}],"replies":[{"embeddable":true,"href":"https:\/\/mastercomercioexterior.es\/malaga\/wp-json\/wp\/v2\/comments?post=5455"}],"version-history":[{"count":3,"href":"https:\/\/mastercomercioexterior.es\/malaga\/wp-json\/wp\/v2\/posts\/5455\/revisions"}],"predecessor-version":[{"id":5461,"href":"https:\/\/mastercomercioexterior.es\/malaga\/wp-json\/wp\/v2\/posts\/5455\/revisions\/5461"}],"wp:featuredmedia":[{"embeddable":true,"href":"https:\/\/mastercomercioexterior.es\/malaga\/wp-json\/wp\/v2\/media\/5458"}],"wp:attachment":[{"href":"https:\/\/mastercomercioexterior.es\/malaga\/wp-json\/wp\/v2\/media?parent=5455"}],"curies":[{"name":"wp","href":"https:\/\/api.w.org\/{rel}","templated":true}]}}