{"id":5286,"date":"2025-04-04T09:02:49","date_gmt":"2025-04-04T07:02:49","guid":{"rendered":"https:\/\/mastercomercioexterior.es\/malaga\/?p=5286"},"modified":"2025-08-27T14:03:51","modified_gmt":"2025-08-27T12:03:51","slug":"curso-experto-comercio-exterior-convocatoria-2025","status":"publish","type":"post","link":"https:\/\/mastercomercioexterior.es\/malaga\/blog\/curso-experto-comercio-exterior-convocatoria-2025\/","title":{"rendered":"Curso Experto Comercio Exterior &#8211; Convocatoria 2025"},"content":{"rendered":"\n[et_pb_section fb_built=\u00bb1&#8243; theme_builder_area=\u00bbpost_content\u00bb _builder_version=\u00bb4.27.4&#8243; _module_preset=\u00bbdefault\u00bb][et_pb_row _builder_version=\u00bb4.27.4&#8243; _module_preset=\u00bbdefault\u00bb theme_builder_area=\u00bbpost_content\u00bb][et_pb_column _builder_version=\u00bb4.27.4&#8243; _module_preset=\u00bbdefault\u00bb type=\u00bb4_4&#8243; theme_builder_area=\u00bbpost_content\u00bb][et_pb_image src=\u00bbhttps:\/\/mastercomercioexterior.es\/malaga\/wp-content\/uploads\/2025\/01\/cabecera-master-2025-master.jpg\u00bb _builder_version=\u00bb4.27.4&#8243; _module_preset=\u00bbdefault\u00bb theme_builder_area=\u00bbpost_content\u00bb title_text=\u00bbroll-up\u00bb hover_enabled=\u00bb0&#8243; sticky_enabled=\u00bb0&#8243;][\/et_pb_image][\/et_pb_column][\/et_pb_row][et_pb_row _builder_version=\u00bb4.27.4&#8243; _module_preset=\u00bbdefault\u00bb theme_builder_area=\u00bbpost_content\u00bb][et_pb_column _builder_version=\u00bb4.27.4&#8243; _module_preset=\u00bbdefault\u00bb type=\u00bb4_4&#8243; theme_builder_area=\u00bbpost_content\u00bb][et_pb_text _builder_version=\u00bb4.27.4&#8243; _module_preset=\u00bbdefault\u00bb theme_builder_area=\u00bbpost_content\u00bb hover_enabled=\u00bb0&#8243; sticky_enabled=\u00bb0&#8243;]<h3 data-start=\"163\" data-end=\"240\"><strong data-start=\"166\" data-end=\"237\">\u00a1Abierta la convocatoria del Curso de Experto en Comercio Exterior!<\/strong><\/h3>\n<p data-start=\"242\" data-end=\"517\">La C\u00e1mara de Comercio de M\u00e1laga abre el plazo de inscripci\u00f3n para una nueva edici\u00f3n del Curso de Experto en Comercio Exterior, una formaci\u00f3n especializada dirigida a profesionales y personas interesadas en adquirir conocimientos clave sobre el comercio internacional.<\/p>\n<p data-start=\"519\" data-end=\"758\">Este curso forma parte del programa acad\u00e9mico del <a href=\"https:\/\/mastercomercioexterior.es\/malaga\/ficha-tecnica\/\"><strong>M\u00e1ster en Comercio Exterior<\/strong><\/a>, por lo que al completarlo podr\u00e1s continuar tu formaci\u00f3n y acceder al M\u00e1ster, avanzando as\u00ed en tu desarrollo profesional con una titulaci\u00f3n de mayor nivel.<\/p>\n<p data-start=\"760\" data-end=\"927\">Aprovecha esta oportunidad para especializarte en un sector estrat\u00e9gico, con formaci\u00f3n pr\u00e1ctica, profesorado experto y acceso a una red profesional de primer nivel.<\/p>\n<p data-start=\"929\" data-end=\"985\">Plazas limitadas por estricto orden de inscripci\u00f3n.<\/p>\n<p data-start=\"929\" data-end=\"985\"><strong><a href=\"https:\/\/cursocomercioexterior.com\/curso-comercio-exterior-malaga-ficha-tecnica\/\" target=\"_blank\" rel=\"noopener\">M\u00e1s informaci\u00f3n Curso Experto<\/a><\/strong><\/p>[\/et_pb_text][\/et_pb_column][\/et_pb_row][\/et_pb_section][et_pb_section fb_built=\u00bb1&#8243; theme_builder_area=\u00bbpost_content\u00bb _builder_version=\u00bb4.27.4&#8243; _module_preset=\u00bbdefault\u00bb][\/et_pb_section]\n<div class=\"et_social_inline et_social_mobile_on et_social_inline_bottom\">\n\t\t\t\t<div class=\"et_social_networks et_social_4col et_social_simple et_social_rounded et_social_left et_social_no_animation et_social_withcounts et_social_withnetworknames et_social_outer_dark\">\n\t\t\t\t\t\n\t\t\t\t\t<ul class=\"et_social_icons_container\"><li class=\"et_social_facebook\">\n\t\t\t\t\t\t\t\t\t<a href=\"http:\/\/www.facebook.com\/sharer.php?u=https%3A%2F%2Fmastercomercioexterior.es%2Fmalaga%2Fblog%2Fcurso-experto-comercio-exterior-convocatoria-2025%2F&#038;t=Curso%20Experto%20Comercio%20Exterior%20%E2%80%93%20Convocatoria%202025\" class=\"et_social_share et_social_display_count\" rel=\"nofollow\" data-social_name=\"facebook\" data-post_id=\"5286\" data-social_type=\"share\" data-location=\"inline\" data-min_count=\"10\">\n\t\t\t\t\t\t\t\t\t\t<i class=\"et_social_icon et_social_icon_facebook\"><\/i><div class=\"et_social_network_label\"><div class=\"et_social_networkname\">Facebook<\/div><\/div><span class=\"et_social_overlay\"><\/span>\n\t\t\t\t\t\t\t\t\t<\/a>\n\t\t\t\t\t\t\t\t<\/li><li class=\"et_social_linkedin\">\n\t\t\t\t\t\t\t\t\t<a href=\"http:\/\/www.linkedin.com\/shareArticle?mini=true&#038;url=https%3A%2F%2Fmastercomercioexterior.es%2Fmalaga%2Fblog%2Fcurso-experto-comercio-exterior-convocatoria-2025%2F&#038;title=Curso%20Experto%20Comercio%20Exterior%20%E2%80%93%20Convocatoria%202025\" class=\"et_social_share et_social_display_count\" rel=\"nofollow\" data-social_name=\"linkedin\" data-post_id=\"5286\" data-social_type=\"share\" data-location=\"inline\" data-min_count=\"10\">\n\t\t\t\t\t\t\t\t\t\t<i class=\"et_social_icon et_social_icon_linkedin\"><\/i><div class=\"et_social_network_label\"><div class=\"et_social_networkname\">LinkedIn<\/div><\/div><span class=\"et_social_overlay\"><\/span>\n\t\t\t\t\t\t\t\t\t<\/a>\n\t\t\t\t\t\t\t\t<\/li><\/ul>\n\t\t\t\t<\/div>\n\t\t\t<\/div>","protected":false},"excerpt":{"rendered":"<p>\u00a1Abierta la convocatoria del Curso de Experto en Comercio Exterior! La C\u00e1mara de Comercio de M\u00e1laga abre el plazo de inscripci\u00f3n para una nueva edici\u00f3n del Curso de Experto en Comercio Exterior, una formaci\u00f3n especializada dirigida a profesionales y personas interesadas en adquirir conocimientos clave sobre el comercio internacional. Este curso forma parte del programa [&hellip;]<\/p>\n","protected":false},"author":10,"featured_media":0,"comment_status":"closed","ping_status":"open","sticky":false,"template":"","format":"standard","meta":{"_et_pb_use_builder":"on","_et_pb_old_content":"","_et_gb_content_width":"","footnotes":""},"class_list":["post-5286","post","type-post","status-publish","format-standard","hentry","category-noticias-comex"],"_links":{"self":[{"href":"https:\/\/mastercomercioexterior.es\/malaga\/wp-json\/wp\/v2\/posts\/5286","targetHints":{"allow":["GET"]}}],"collection":[{"href":"https:\/\/mastercomercioexterior.es\/malaga\/wp-json\/wp\/v2\/posts"}],"about":[{"href":"https:\/\/mastercomercioexterior.es\/malaga\/wp-json\/wp\/v2\/types\/post"}],"author":[{"embeddable":true,"href":"https:\/\/mastercomercioexterior.es\/malaga\/wp-json\/wp\/v2\/users\/10"}],"replies":[{"embeddable":true,"href":"https:\/\/mastercomercioexterior.es\/malaga\/wp-json\/wp\/v2\/comments?post=5286"}],"version-history":[{"count":4,"href":"https:\/\/mastercomercioexterior.es\/malaga\/wp-json\/wp\/v2\/posts\/5286\/revisions"}],"predecessor-version":[{"id":5291,"href":"https:\/\/mastercomercioexterior.es\/malaga\/wp-json\/wp\/v2\/posts\/5286\/revisions\/5291"}],"wp:attachment":[{"href":"https:\/\/mastercomercioexterior.es\/malaga\/wp-json\/wp\/v2\/media?parent=5286"}],"curies":[{"name":"wp","href":"https:\/\/api.w.org\/{rel}","templated":true}]}}