{"id":5222,"date":"2025-01-21T09:28:46","date_gmt":"2025-01-21T08:28:46","guid":{"rendered":"https:\/\/mastercomercioexterior.es\/malaga\/?p=5222"},"modified":"2025-01-22T19:38:45","modified_gmt":"2025-01-22T18:38:45","slug":"convocatoria-2025-aim","status":"publish","type":"post","link":"https:\/\/mastercomercioexterior.es\/malaga\/blog\/convocatoria-2025-aim\/","title":{"rendered":"Convocatoria 2025 AIM"},"content":{"rendered":"<p>[et_pb_section fb_built=\u00bb1&#8243; _builder_version=\u00bb4.27.4&#8243; _module_preset=\u00bbdefault\u00bb global_colors_info=\u00bb{}\u00bb][et_pb_row _builder_version=\u00bb4.27.4&#8243; _module_preset=\u00bbdefault\u00bb global_colors_info=\u00bb{}\u00bb][et_pb_column type=\u00bb4_4&#8243; _builder_version=\u00bb4.27.4&#8243; _module_preset=\u00bbdefault\u00bb global_colors_info=\u00bb{}\u00bb][et_pb_text _builder_version=\u00bb4.27.4&#8243; _module_preset=\u00bbdefault\u00bb global_colors_info=\u00bb{}\u00bb]<\/p>\n<p><span>El M\u00e1ster en Internacionalizaci\u00f3n de Empresas se ha consolidado como el referente en formaci\u00f3n de comercio exterior en la provincia de M\u00e1laga.<\/span><\/p>\n<p>El curso avanzado AIM (<span>ADVANCED INTERNATIONAL MANAGEMENT ) puedes cursarlo o bien dentro del programa formativo del M\u00e1ster o de forma independiente donde te<\/span><span>\u00a0proporcionar\u00e1 las herramientas para lanzar tu carrera al \u00e1rea internacional o empezar tu propio negocio conociendo las oportunidades que te brinda el comercio internacional.<\/span><\/p>\n<p><span><\/span><\/p>\n<p><span><strong>Fecha de inicio:<\/strong> 06 Marzo 2025<br \/><strong>Modalidad:<\/strong> Semipresencial (presencial + live streaming).<br \/><strong>Horario:<\/strong> Jueves, de 16:00 a 21:00horas<br \/><strong>Plazas limitadas:<\/strong> \u00a1No pierdas tu oportunidad!<\/span><\/p>\n<p><span><\/span><\/p>\n<p><span>El curso avanzado en comercio exterior se desarrolla \u00edntegrametente en ingl\u00e9s por lo que se requiere un nivel avanzado para el correcto seguimiento.<\/span><\/p>\n<p><span><\/span><\/p>\n<p><span>Para m\u00e1s informaci\u00f3n ver <a href=\"https:\/\/mastercomercioexterior.es\/malaga\/ficha-tecnica-aim\/\" target=\"_blank\" rel=\"noopener\">Ficha T\u00e9cnica<\/a><\/span><\/p>\n<p><span><\/span><\/p>\n<p><span><\/span><\/p>\n<p>[\/et_pb_text][\/et_pb_column][\/et_pb_row][\/et_pb_section][et_pb_section fb_built=\u00bb1&#8243; theme_builder_area=\u00bbpost_content\u00bb _builder_version=\u00bb4.27.4&#8243; _module_preset=\u00bbdefault\u00bb][et_pb_row _builder_version=\u00bb4.27.4&#8243; _module_preset=\u00bbdefault\u00bb theme_builder_area=\u00bbpost_content\u00bb][et_pb_column _builder_version=\u00bb4.27.4&#8243; _module_preset=\u00bbdefault\u00bb type=\u00bb4_4&#8243; theme_builder_area=\u00bbpost_content\u00bb][et_pb_image src=\u00bbhttps:\/\/mastercomercioexterior.es\/malaga\/wp-content\/uploads\/2025\/01\/473728749_1052297633369143_8847050823713964113_n.jpg\u00bb _builder_version=\u00bb4.27.4&#8243; _module_preset=\u00bbdefault\u00bb theme_builder_area=\u00bbpost_content\u00bb title_text=\u00bb473728749_1052297633369143_8847050823713964113_n\u00bb hover_enabled=\u00bb0&#8243; sticky_enabled=\u00bb0&#8243;][\/et_pb_image][\/et_pb_column][\/et_pb_row][\/et_pb_section]<\/p>\n","protected":false},"excerpt":{"rendered":"<p>El M\u00e1ster en Internacionalizaci\u00f3n de Empresas se ha consolidado como el referente en formaci\u00f3n de comercio exterior en la provincia de M\u00e1laga. El curso avanzado AIM (ADVANCED INTERNATIONAL MANAGEMENT ) puedes cursarlo o bien dentro del programa formativo del M\u00e1ster o de forma independiente donde te\u00a0proporcionar\u00e1 las herramientas para lanzar tu carrera al \u00e1rea internacional [&hellip;]<\/p>\n","protected":false},"author":10,"featured_media":0,"comment_status":"closed","ping_status":"open","sticky":false,"template":"","format":"standard","meta":{"_et_pb_use_builder":"on","_et_pb_old_content":"","_et_gb_content_width":"","footnotes":""},"class_list":["post-5222","post","type-post","status-publish","format-standard","hentry","category-noticias-comex"],"_links":{"self":[{"href":"https:\/\/mastercomercioexterior.es\/malaga\/wp-json\/wp\/v2\/posts\/5222","targetHints":{"allow":["GET"]}}],"collection":[{"href":"https:\/\/mastercomercioexterior.es\/malaga\/wp-json\/wp\/v2\/posts"}],"about":[{"href":"https:\/\/mastercomercioexterior.es\/malaga\/wp-json\/wp\/v2\/types\/post"}],"author":[{"embeddable":true,"href":"https:\/\/mastercomercioexterior.es\/malaga\/wp-json\/wp\/v2\/users\/10"}],"replies":[{"embeddable":true,"href":"https:\/\/mastercomercioexterior.es\/malaga\/wp-json\/wp\/v2\/comments?post=5222"}],"version-history":[{"count":5,"href":"https:\/\/mastercomercioexterior.es\/malaga\/wp-json\/wp\/v2\/posts\/5222\/revisions"}],"predecessor-version":[{"id":5240,"href":"https:\/\/mastercomercioexterior.es\/malaga\/wp-json\/wp\/v2\/posts\/5222\/revisions\/5240"}],"wp:attachment":[{"href":"https:\/\/mastercomercioexterior.es\/malaga\/wp-json\/wp\/v2\/media?parent=5222"}],"curies":[{"name":"wp","href":"https:\/\/api.w.org\/{rel}","templated":true}]}}