{"id":5184,"date":"2024-07-24T09:01:04","date_gmt":"2024-07-24T07:01:04","guid":{"rendered":"https:\/\/mastercomercioexterior.es\/malaga\/?p=5184"},"modified":"2024-07-24T09:14:35","modified_gmt":"2024-07-24T07:14:35","slug":"convocatoria-master-mie-2024-2025","status":"publish","type":"post","link":"https:\/\/mastercomercioexterior.es\/malaga\/blog\/convocatoria-master-mie-2024-2025\/","title":{"rendered":"Convocatoria M\u00e1ster MIE 2024-2025"},"content":{"rendered":"\n[et_pb_section fb_built=\u00bb1&#8243; _builder_version=\u00bb4.16&#8243; _module_preset=\u00bbdefault\u00bb global_colors_info=\u00bb{}\u00bb theme_builder_area=\u00bbpost_content\u00bb][et_pb_row _builder_version=\u00bb4.16&#8243; _module_preset=\u00bbdefault\u00bb global_colors_info=\u00bb{}\u00bb theme_builder_area=\u00bbpost_content\u00bb][et_pb_column type=\u00bb4_4&#8243; _builder_version=\u00bb4.16&#8243; _module_preset=\u00bbdefault\u00bb global_colors_info=\u00bb{}\u00bb theme_builder_area=\u00bbpost_content\u00bb][et_pb_text _builder_version=\u00bb4.27.0&#8243; _module_preset=\u00bbdefault\u00bb hover_enabled=\u00bb0&#8243; global_colors_info=\u00bb{}\u00bb theme_builder_area=\u00bbpost_content\u00bb sticky_enabled=\u00bb0&#8243;]<h3>XI edici\u00f3n del M\u00e1ster n\u00ba1 en Internacionalizaci\u00f3n de Empresas de la provincia de M\u00e1laga.<\/h3>\n<p>\u00a0El pasado mes de Mayo 2024 abrimos el proceso de admisi\u00f3n para la nueva edici\u00f3n del M\u00e1ster en Internacionalizaci\u00f3n de Empresas que se consolida como el referente en formaci\u00f3n de comercio exterior en la provincia de M\u00e1laga.<\/p>[\/et_pb_text][\/et_pb_column][\/et_pb_row][et_pb_row _builder_version=\u00bb4.16&#8243; _module_preset=\u00bbdefault\u00bb global_colors_info=\u00bb{}\u00bb theme_builder_area=\u00bbpost_content\u00bb][et_pb_column type=\u00bb4_4&#8243; _builder_version=\u00bb4.16&#8243; _module_preset=\u00bbdefault\u00bb global_colors_info=\u00bb{}\u00bb theme_builder_area=\u00bbpost_content\u00bb][et_pb_image src=\u00bbhttps:\/\/mastercomercioexterior.es\/malaga\/wp-content\/uploads\/2024\/03\/PORTADA-2024.jpg\u00bb title_text=\u00bbPORTADA 2024&#8243; _builder_version=\u00bb4.27.0&#8243; _module_preset=\u00bbdefault\u00bb hover_enabled=\u00bb0&#8243; global_colors_info=\u00bb{}\u00bb theme_builder_area=\u00bbpost_content\u00bb sticky_enabled=\u00bb0&#8243;][\/et_pb_image][\/et_pb_column][\/et_pb_row][et_pb_row _builder_version=\u00bb4.16&#8243; _module_preset=\u00bbdefault\u00bb global_colors_info=\u00bb{}\u00bb theme_builder_area=\u00bbpost_content\u00bb][et_pb_column type=\u00bb4_4&#8243; _builder_version=\u00bb4.16&#8243; _module_preset=\u00bbdefault\u00bb global_colors_info=\u00bb{}\u00bb theme_builder_area=\u00bbpost_content\u00bb][et_pb_text _builder_version=\u00bb4.27.0&#8243; _module_preset=\u00bbdefault\u00bb hover_enabled=\u00bb0&#8243; global_colors_info=\u00bb{}\u00bb theme_builder_area=\u00bbpost_content\u00bb sticky_enabled=\u00bb0&#8243;]<p>Dede 2023 el M\u00e1ster cuenta con una nueva estructura que lo hacen ser mucho m\u00e1s flexible y econ\u00f3mico, de esta forma los alumnos podr\u00e1n realizar el M\u00e1ster con la finalizaci\u00f3n de los dos programas acad\u00e9micos que lo conforman (CECI y AIM) siendo el Curso Experto en Comercio Exterior (CECI) el primero en arrancar el pr\u00f3ximo 31 de Octubre 2024.<\/p>\n<p>Para la realizaci\u00f3n del programa M\u00e1ster se requiere un proceso de admisi\u00f3n donde se evalua la idoneidad de cada candidato por la direcci\u00f3n acad\u00e9mica.<a href=\"https:\/\/mastercomercioexterior.es\/malaga\/admisiones\/\" target=\"_blank\" rel=\"noopener\"> Proceso de Admisi\u00f3n.<\/a><\/p>\n<p>&nbsp;<\/p>\n<p>El M\u00e1ster MIE est\u00e1 dirigido a profesionales, emprendedores, empresarios, gerentes, directores, financieros, log\u00edsticos o t\u00e9cnicos, abogados, mandos intermedios o personal que, de forma directa o indirecta, pueda estar involucrado en el d\u00eda a d\u00eda de la operativa internacional de una empresa, as\u00ed como a<strong> universitarios con vocaci\u00f3n en la direcci\u00f3n e internacionalizaci\u00f3n<\/strong> de empresas.<\/p>[\/et_pb_text][\/et_pb_column][\/et_pb_row][\/et_pb_section][et_pb_section fb_built=\u00bb1&#8243; _builder_version=\u00bb4.16&#8243; _module_preset=\u00bbdefault\u00bb global_colors_info=\u00bb{}\u00bb theme_builder_area=\u00bbpost_content\u00bb][et_pb_row _builder_version=\u00bb4.16&#8243; _module_preset=\u00bbdefault\u00bb global_colors_info=\u00bb{}\u00bb theme_builder_area=\u00bbpost_content\u00bb][et_pb_column type=\u00bb4_4&#8243; _builder_version=\u00bb4.16&#8243; _module_preset=\u00bbdefault\u00bb global_colors_info=\u00bb{}\u00bb theme_builder_area=\u00bbpost_content\u00bb][et_pb_cta title=\u00bbConsulta nuestras ayudas\u00bb button_url=\u00bbhttps:\/\/mastercomercioexterior.es\/malaga\/precios-del-master\/\u00bb url_new_window=\u00bbon\u00bb button_text=\u00bbM\u00e1s informaci\u00f3n\u00bb _builder_version=\u00bb4.16&#8243; _module_preset=\u00bbdefault\u00bb background_color=\u00bb#a51014&#8243; global_colors_info=\u00bb{}\u00bb theme_builder_area=\u00bbpost_content\u00bb]<p>Las empreasas pueden solicitar los cr\u00e9ditos de la fundaci\u00f3n FUNDAE para bonificarse el coste del M\u00e1ster.<\/p>[\/et_pb_cta][\/et_pb_column][\/et_pb_row][\/et_pb_section]\n<div class=\"et_social_inline et_social_mobile_on et_social_inline_bottom\">\n\t\t\t\t<div class=\"et_social_networks et_social_4col et_social_simple et_social_rounded et_social_left et_social_no_animation et_social_withcounts et_social_withnetworknames et_social_outer_dark\">\n\t\t\t\t\t\n\t\t\t\t\t<ul class=\"et_social_icons_container\"><li class=\"et_social_facebook\">\n\t\t\t\t\t\t\t\t\t<a href=\"http:\/\/www.facebook.com\/sharer.php?u=https%3A%2F%2Fmastercomercioexterior.es%2Fmalaga%2Fblog%2Fconvocatoria-master-mie-2024-2025%2F&#038;t=Convocatoria%20M%C3%A1ster%20MIE%202024-2025\" class=\"et_social_share et_social_display_count\" rel=\"nofollow\" data-social_name=\"facebook\" data-post_id=\"5184\" data-social_type=\"share\" data-location=\"inline\" data-min_count=\"10\">\n\t\t\t\t\t\t\t\t\t\t<i class=\"et_social_icon et_social_icon_facebook\"><\/i><div class=\"et_social_network_label\"><div class=\"et_social_networkname\">Facebook<\/div><\/div><span class=\"et_social_overlay\"><\/span>\n\t\t\t\t\t\t\t\t\t<\/a>\n\t\t\t\t\t\t\t\t<\/li><li class=\"et_social_linkedin\">\n\t\t\t\t\t\t\t\t\t<a href=\"http:\/\/www.linkedin.com\/shareArticle?mini=true&#038;url=https%3A%2F%2Fmastercomercioexterior.es%2Fmalaga%2Fblog%2Fconvocatoria-master-mie-2024-2025%2F&#038;title=Convocatoria%20M%C3%A1ster%20MIE%202024-2025\" class=\"et_social_share et_social_display_count\" rel=\"nofollow\" data-social_name=\"linkedin\" data-post_id=\"5184\" data-social_type=\"share\" data-location=\"inline\" data-min_count=\"10\">\n\t\t\t\t\t\t\t\t\t\t<i class=\"et_social_icon et_social_icon_linkedin\"><\/i><div class=\"et_social_network_label\"><div class=\"et_social_networkname\">LinkedIn<\/div><\/div><span class=\"et_social_overlay\"><\/span>\n\t\t\t\t\t\t\t\t\t<\/a>\n\t\t\t\t\t\t\t\t<\/li><\/ul>\n\t\t\t\t<\/div>\n\t\t\t<\/div>","protected":false},"excerpt":{"rendered":"<p>XI edici\u00f3n del M\u00e1ster n\u00ba1 en Internacionalizaci\u00f3n de Empresas de la provincia de M\u00e1laga. \u00a0El pasado mes de Mayo 2024 abrimos el proceso de admisi\u00f3n para la nueva edici\u00f3n del M\u00e1ster en Internacionalizaci\u00f3n de Empresas que se consolida como el referente en formaci\u00f3n de comercio exterior en la provincia de M\u00e1laga.Dede 2023 el M\u00e1ster cuenta [&hellip;]<\/p>\n","protected":false},"author":10,"featured_media":5158,"comment_status":"closed","ping_status":"open","sticky":false,"template":"","format":"standard","meta":{"_et_pb_use_builder":"on","_et_pb_old_content":"","_et_gb_content_width":"2880","footnotes":""},"class_list":["post-5184","post","type-post","status-publish","format-standard","has-post-thumbnail","hentry","category-noticias-comex","tag-master-comercio-exterior"],"_links":{"self":[{"href":"https:\/\/mastercomercioexterior.es\/malaga\/wp-json\/wp\/v2\/posts\/5184","targetHints":{"allow":["GET"]}}],"collection":[{"href":"https:\/\/mastercomercioexterior.es\/malaga\/wp-json\/wp\/v2\/posts"}],"about":[{"href":"https:\/\/mastercomercioexterior.es\/malaga\/wp-json\/wp\/v2\/types\/post"}],"author":[{"embeddable":true,"href":"https:\/\/mastercomercioexterior.es\/malaga\/wp-json\/wp\/v2\/users\/10"}],"replies":[{"embeddable":true,"href":"https:\/\/mastercomercioexterior.es\/malaga\/wp-json\/wp\/v2\/comments?post=5184"}],"version-history":[{"count":4,"href":"https:\/\/mastercomercioexterior.es\/malaga\/wp-json\/wp\/v2\/posts\/5184\/revisions"}],"predecessor-version":[{"id":5188,"href":"https:\/\/mastercomercioexterior.es\/malaga\/wp-json\/wp\/v2\/posts\/5184\/revisions\/5188"}],"wp:featuredmedia":[{"embeddable":true,"href":"https:\/\/mastercomercioexterior.es\/malaga\/wp-json\/wp\/v2\/media\/5158"}],"wp:attachment":[{"href":"https:\/\/mastercomercioexterior.es\/malaga\/wp-json\/wp\/v2\/media?parent=5184"}],"curies":[{"name":"wp","href":"https:\/\/api.w.org\/{rel}","templated":true}]}}