{"id":4908,"date":"2023-05-12T12:52:52","date_gmt":"2023-05-12T10:52:52","guid":{"rendered":"https:\/\/mastercomercioexterior.es\/malaga\/?p=4908"},"modified":"2023-05-12T13:16:36","modified_gmt":"2023-05-12T11:16:36","slug":"la-brecha-salarial-de-los-profesionales-con-master","status":"publish","type":"post","link":"https:\/\/mastercomercioexterior.es\/malaga\/blog\/la-brecha-salarial-de-los-profesionales-con-master\/","title":{"rendered":"La brecha salarial de los profesionales con M\u00e1ster"},"content":{"rendered":"<p>[et_pb_section fb_built=\u00bb1&#8243; _builder_version=\u00bb4.21.0&#8243; _module_preset=\u00bbdefault\u00bb custom_padding=\u00bb||4px|||\u00bb global_colors_info=\u00bb{}\u00bb][et_pb_row _builder_version=\u00bb4.21.0&#8243; _module_preset=\u00bbdefault\u00bb global_colors_info=\u00bb{}\u00bb][et_pb_column type=\u00bb4_4&#8243; _builder_version=\u00bb4.21.0&#8243; _module_preset=\u00bbdefault\u00bb global_colors_info=\u00bb{}\u00bb][et_pb_text _builder_version=\u00bb4.21.0&#8243; _module_preset=\u00bbdefault\u00bb global_colors_info=\u00bb{}\u00bb]<\/p>\n<p>En Espa\u00f1a en 2022 una persona titulada con un m\u00e1ster cobra de media un 16,8% m\u00e1s que un graduado universitario sin m\u00e1ster seg\u00fan los datos de la compa\u00f1\u00eda Adecco (RR.HH.) y del portal de empleo Infoempleo.<\/p>\n<p>No hay duda al respecto, existen motivos de peso para estudiar un M\u00e1ster, ya que adem\u00e1s de tener muchas m\u00e1s oportunidades laborales (seg\u00fan el INE el 87,3% de las personas que estudian un M\u00e1ster encuentra trabajo en el pr\u00f3ximo a\u00f1o), las personas con M\u00e1ster optan por vacantes mejor remuneradas.<\/p>\n<p>Los m\u00e1ster te ayudan a especializarte en un \u00e1rea concreta, reciclar conocimiento o ampliar competencias, y es precisamente esto lo que buscan las empresas a la hora de cubrir puestos m\u00e1s t\u00e9cnicos, mandos intermedios o de alta direcci\u00f3n.<\/p>\n<p>Los m\u00e1ster y cursos especializados son la llave que abre todas las puertas del mercado laboral.<\/p>\n<p>La brecha salaria depende de varios factores, entre ellos el sexo, antig\u00fcedad en la empresa, categor\u00eda profesional o la formaci\u00f3n, teniendo s\u00f3lo en cuenta la formaci\u00f3n esta brecha puede superar los 12.000 \u20ac de media entre un trabajador especializado con y sin m\u00e1ster seg\u00fan Adecco e Infoempleo.<\/p>\n<p>Dentro de las especializaciones si has estudiado LADE, Estudios Asi\u00e1ticos, Turismo, Traducci\u00f3n o incluso Derecho o Ingenierias, el Comercio Exterior es uno de los \u00e1mbitos de especialidad con mayor demanda laboral y m\u00e1s oportunidades de puestos de calidad.<\/p>\n<p>&nbsp;<\/p>\n<p>[\/et_pb_text][\/et_pb_column][\/et_pb_row][\/et_pb_section][et_pb_section fb_built=\u00bb1&#8243; _builder_version=\u00bb4.21.0&#8243; _module_preset=\u00bbdefault\u00bb global_colors_info=\u00bb{}\u00bb][et_pb_row column_structure=\u00bb2_5,3_5&#8243; _builder_version=\u00bb4.21.0&#8243; _module_preset=\u00bbdefault\u00bb global_colors_info=\u00bb{}\u00bb][et_pb_column type=\u00bb2_5&#8243; _builder_version=\u00bb4.21.0&#8243; _module_preset=\u00bbdefault\u00bb global_colors_info=\u00bb{}\u00bb][et_pb_text _builder_version=\u00bb4.21.0&#8243; _module_preset=\u00bbdefault\u00bb global_colors_info=\u00bb{}\u00bb]<\/p>\n<p>En la Escuela de Negocio de la C\u00e1mara de Comercio de M\u00e1laga, tanto nuestro M\u00e1ster en Comercio Exterior (MIE) como los curos Experto en Comercio Exterior y Especialista en Log\u00edstica Internacional proporcionan a los egresados universitarios la oportunidad de especializarse en la internacionalizaci\u00f3n de las empresas, facilitando as\u00ed de forma considerable la inserci\u00f3n en el mercado laboral.<\/p>\n<p>En las 5 \u00faltimas ediciones tanto del M\u00e1ster como de los cursos en Comercio Exterior m\u00e1s del 95% de los alumnos han encontrado trabajo en comercio exterior en menos de un a\u00f1o tras finalizar su formaci\u00f3n, datos que avalan la importancia de la especializaci\u00f3n en la inserci\u00f3n laboral.<\/p>\n<p>[\/et_pb_text][\/et_pb_column][et_pb_column type=\u00bb3_5&#8243; _builder_version=\u00bb4.21.0&#8243; _module_preset=\u00bbdefault\u00bb global_colors_info=\u00bb{}\u00bb][et_pb_blurb title=\u00bbFormaci\u00f3n Comercio Exterior\u00bb image=\u00bbhttps:\/\/mastercomercioexterior.es\/malaga\/wp-content\/uploads\/2018\/01\/cursos-comercio-exterior.png\u00bb _builder_version=\u00bb4.21.0&#8243; _module_preset=\u00bbdefault\u00bb global_colors_info=\u00bb{}\u00bb]<\/p>\n<p>Consulta nuestros programas formativoas<\/p>\n<p>[\/et_pb_blurb][et_pb_button button_text=\u00bbM\u00e1ster Comercio Exterior\u00bb _builder_version=\u00bb4.21.0&#8243; _module_preset=\u00bbdefault\u00bb button_url=\u00bbhttps:\/\/mastercomercioexterior.es\/malaga\/ficha-tecnica\/\u00bb url_new_window=\u00bbon\u00bb hover_enabled=\u00bb0&#8243; sticky_enabled=\u00bb0&#8243; custom_button=\u00bbon\u00bb button_text_color=\u00bb#FFFFFF\u00bb button_bg_color=\u00bb#9e2816&#8243; button_bg_enable_color=\u00bbon\u00bb][\/et_pb_button][et_pb_button button_text=\u00bbCurso Comercio Exterior\u00bb _builder_version=\u00bb4.21.0&#8243; _module_preset=\u00bbdefault\u00bb hover_enabled=\u00bb0&#8243; global_colors_info=\u00bb{}\u00bb button_url=\u00bbhttps:\/\/cursocomercioexterior.com\/curso-comercio-exterior-malaga-2023\/\u00bb url_new_window=\u00bbon\u00bb custom_button=\u00bbon\u00bb button_text_color=\u00bb#FFFFFF\u00bb button_bg_color=\u00bbrgba(70,191,86,0.9)\u00bb button_bg_enable_color=\u00bbon\u00bb sticky_enabled=\u00bb0&#8243;][\/et_pb_button][et_pb_button button_text=\u00bbClick Here\u00bb _builder_version=\u00bb4.21.0&#8243; _module_preset=\u00bbdefault\u00bb global_colors_info=\u00bb{}\u00bb][\/et_pb_button][\/et_pb_column][\/et_pb_row][\/et_pb_section]<\/p>\n","protected":false},"excerpt":{"rendered":"<p>En Espa\u00f1a en 2022 una persona titulada con un m\u00e1ster cobra de media un 16,8% m\u00e1s que un graduado universitario sin m\u00e1ster seg\u00fan los datos de la compa\u00f1\u00eda Adecco (RR.HH.) y del portal de empleo Infoempleo. No hay duda al respecto, existen motivos de peso para estudiar un M\u00e1ster, ya que adem\u00e1s de tener muchas [&hellip;]<\/p>\n","protected":false},"author":10,"featured_media":0,"comment_status":"closed","ping_status":"open","sticky":false,"template":"","format":"standard","meta":{"_et_pb_use_builder":"on","_et_pb_old_content":"<!-- wp:divi\/placeholder \/-->","_et_gb_content_width":"","footnotes":""},"class_list":["post-4908","post","type-post","status-publish","format-standard","hentry","category-noticias-comex","tag-curso-comercio-exterior","tag-experto-comercio-exterior","tag-master-comercio-exterior"],"_links":{"self":[{"href":"https:\/\/mastercomercioexterior.es\/malaga\/wp-json\/wp\/v2\/posts\/4908","targetHints":{"allow":["GET"]}}],"collection":[{"href":"https:\/\/mastercomercioexterior.es\/malaga\/wp-json\/wp\/v2\/posts"}],"about":[{"href":"https:\/\/mastercomercioexterior.es\/malaga\/wp-json\/wp\/v2\/types\/post"}],"author":[{"embeddable":true,"href":"https:\/\/mastercomercioexterior.es\/malaga\/wp-json\/wp\/v2\/users\/10"}],"replies":[{"embeddable":true,"href":"https:\/\/mastercomercioexterior.es\/malaga\/wp-json\/wp\/v2\/comments?post=4908"}],"version-history":[{"count":4,"href":"https:\/\/mastercomercioexterior.es\/malaga\/wp-json\/wp\/v2\/posts\/4908\/revisions"}],"predecessor-version":[{"id":4913,"href":"https:\/\/mastercomercioexterior.es\/malaga\/wp-json\/wp\/v2\/posts\/4908\/revisions\/4913"}],"wp:attachment":[{"href":"https:\/\/mastercomercioexterior.es\/malaga\/wp-json\/wp\/v2\/media?parent=4908"}],"curies":[{"name":"wp","href":"https:\/\/api.w.org\/{rel}","templated":true}]}}