{"id":4794,"date":"2022-07-25T11:37:33","date_gmt":"2022-07-25T09:37:33","guid":{"rendered":"https:\/\/mastercomercioexterior.es\/malaga\/?p=4794"},"modified":"2025-10-08T13:58:37","modified_gmt":"2025-10-08T11:58:37","slug":"mba-internacional-en-espana","status":"publish","type":"post","link":"https:\/\/mastercomercioexterior.es\/malaga\/blog\/mba-internacional-en-espana\/","title":{"rendered":"Mba internacional en Espa\u00f1a"},"content":{"rendered":"<p>[et_pb_section fb_built=\u00bb1&#8243; fullwidth=\u00bbon\u00bb _builder_version=\u00bb4.17.6&#8243; _module_preset=\u00bbdefault\u00bb global_colors_info=\u00bb{}\u00bb][et_pb_fullwidth_image src=\u00bbhttps:\/\/mastercomercioexterior.es\/malaga\/wp-content\/uploads\/2025\/01\/cabecera-master-2025-master.jpg\u00bb title_text=\u00bbroll-up\u00bb _builder_version=\u00bb4.27.4&#8243; _module_preset=\u00bbdefault\u00bb hover_enabled=\u00bb0&#8243; global_colors_info=\u00bb{}\u00bb sticky_enabled=\u00bb0&#8243;][\/et_pb_fullwidth_image][\/et_pb_section][et_pb_section fb_built=\u00bb1&#8243; _builder_version=\u00bb4.17.6&#8243; _module_preset=\u00bbdefault\u00bb custom_padding=\u00bb||0px|||\u00bb global_colors_info=\u00bb{}\u00bb][et_pb_row _builder_version=\u00bb4.17.6&#8243; _module_preset=\u00bbdefault\u00bb global_colors_info=\u00bb{}\u00bb][et_pb_column type=\u00bb4_4&#8243; _builder_version=\u00bb4.17.6&#8243; _module_preset=\u00bbdefault\u00bb global_colors_info=\u00bb{}\u00bb][et_pb_text _builder_version=\u00bb4.17.6&#8243; _module_preset=\u00bbdefault\u00bb global_colors_info=\u00bb{}\u00bb]<\/p>\n<h1 style=\"text-align: center;\">Si est\u00e1s pensando en realizar un M\u00e1ster en Espa\u00f1a no dejes de leer este post porque puede ser tu mejor opci\u00f3n.<\/h1>\n<p>[\/et_pb_text][\/et_pb_column][\/et_pb_row][\/et_pb_section][et_pb_section fb_built=\u00bb1&#8243; _builder_version=\u00bb4.17.6&#8243; _module_preset=\u00bbdefault\u00bb global_colors_info=\u00bb{}\u00bb][et_pb_row _builder_version=\u00bb4.17.6&#8243; _module_preset=\u00bbdefault\u00bb global_colors_info=\u00bb{}\u00bb][et_pb_column type=\u00bb4_4&#8243; _builder_version=\u00bb4.17.6&#8243; _module_preset=\u00bbdefault\u00bb global_colors_info=\u00bb{}\u00bb][et_pb_text _builder_version=\u00bb4.17.6&#8243; _module_preset=\u00bbdefault\u00bb global_colors_info=\u00bb{}\u00bb]<\/p>\n<p>Si resides fuera de Espa\u00f1a y est\u00e1s pensando en realizar un M\u00e1ster en Espa\u00f1a no dejes de leer este post porque puede ser tu mejor opci\u00f3n.<\/p>\n<p>Desde la primera edici\u00f3n del M\u00e1ster en internacionalizaci\u00f3n de Empresa en 2012, alumnos de m\u00e1s de 20 nacionalidades diferentes han cursado nuestro programa, aqu\u00ed encontrar\u00e1s los 5 motivos por los que debes valorar realizar un MBA Internacional en M\u00e1laga de forma <strong>presencial, semipresencia o tele-presencial<\/strong> porque en 2022 nos hemos adaptado para que puedas acceder a una formaci\u00f3n de la m\u00e1s alta calidad est\u00e9s donde est\u00e9s.<\/p>\n<p>[\/et_pb_text][\/et_pb_column][\/et_pb_row][\/et_pb_section][et_pb_section fb_built=\u00bb1&#8243; _builder_version=\u00bb4.17.6&#8243; _module_preset=\u00bbdefault\u00bb background_color=\u00bbrgba(201,94,94,0.29)\u00bb global_colors_info=\u00bb{}\u00bb][et_pb_row column_structure=\u00bb1_2,1_2&#8243; _builder_version=\u00bb4.17.6&#8243; _module_preset=\u00bbdefault\u00bb global_colors_info=\u00bb{}\u00bb][et_pb_column type=\u00bb1_2&#8243; _builder_version=\u00bb4.17.6&#8243; _module_preset=\u00bbdefault\u00bb global_colors_info=\u00bb{}\u00bb][et_pb_text _builder_version=\u00bb4.17.6&#8243; _module_preset=\u00bbdefault\u00bb global_colors_info=\u00bb{}\u00bb]<\/p>\n<h5><span style=\"color: #800000;\"><strong>1. Porque te inscribes en un M\u00e1ster con proyecci\u00f3n.<\/strong><\/span><\/h5>\n<p>Las empresas han pasado de un marco local a un marco global, y esto se traduce en un cambio importante de\u00a0enfoque, de t\u00e9cnicas de gesti\u00f3n y estrategias de negocio.<\/p>\n<p>Este cambio resulta complejo, pero puede y debe ser tomado como una gran oportunidad para la generaci\u00f3n de nuevos negocios y clientes, siempre y cuando los profesionales al cargo de este nuevo paradigma se formen adecuadamente, comprendan los nuevos retos, y dispongan de nuevas herramientas de trabajo que les permitan la internacionalizaci\u00f3n de sus proyectos o empresas con garant\u00edas de \u00e9xito.<\/p>\n<p>La demanda por parte de pymes y multinacionales de\u00a0profesionales con conocimientos en comercio internacional\u00a0es cada vez mayor. La pandemia y crisis vivida en los \u00faltimos a\u00f1os han cambiado la realidad empresarial y han hecho que las empresas andaluzas salgan al exterior en busca de nuevos nichos de mercado y nuevas oportunidades que les permitan diversificar sus riesgos econ\u00f3micos. Para ello se precisa de la adaptaci\u00f3n de sus organizaciones y la capacitaci\u00f3n\u00a0su personal directivo con formaci\u00f3n en comercio internacionales.<\/p>\n<p>Adem\u00e1s el M\u00e1ster MIE ofrece\u00a0 nuevos contenidos que permitir\u00e1n acercar al futuro empresario internacional\u00a0a las\u00a0nuevas formas de trabajar y oportunidades de negocio de la era digital.\u00a0Estos contenidos est\u00e1n acreditados por t\u00edtulo oficial de la Universidad Europea Miguel de Cervantes y se integran en la titulaci\u00f3n global del M\u00e1ster.<\/p>\n<p>&nbsp;<\/p>\n<p>[\/et_pb_text][\/et_pb_column][et_pb_column type=\u00bb1_2&#8243; _builder_version=\u00bb4.17.6&#8243; _module_preset=\u00bbdefault\u00bb global_colors_info=\u00bb{}\u00bb][et_pb_text _builder_version=\u00bb4.17.6&#8243; _module_preset=\u00bbdefault\u00bb custom_padding=\u00bb|||10px|false|false\u00bb border_width_left=\u00bb1px\u00bb global_colors_info=\u00bb{}\u00bb]<\/p>\n<h5><span style=\"color: #800000;\"><strong>2. Porque M\u00e1laga es la mejor opci\u00f3n para vivir y estudiar y si decides hacerlo tele-presencialmente te ayudamos con el viaje para la graduaci\u00f3n.<\/strong><\/span><\/h5>\n<p>M\u00e1laga se ha convertido en una de las\u00a0capitales m\u00e1s deseadas para vivir y estudiar\u00a0los distintos grados y postgrados que ofrece. Y es que la demanda ha aumentado debido a la masificaci\u00f3n de graduados de otras ciudades y diferentes pa\u00edses y continentes que eligen M\u00e1laga como ciudad para estudiar.<\/p>\n<p>Para aquellos para quienes la calidad de vida se circunscribe \u00fanicamente en el clima y las suaves temperaturas, seguramente M\u00e1laga sea la mejor ciudad donde uno pueda vivir,pero para los estudiantes Universitarios o de Escuelas de Negocio no es suficiente con estas variables, ellos tambi\u00e9n buscan en la ciudad buenos y econ\u00f3micos pisos, cultura, ambiente nocturno, seguridad y \u00a0en este sentido la ciudad de M\u00e1laga se ha convertido en una de las m\u00e1s atractivas a nivel nacional e internacional.<\/p>\n<p>Todo este clima atrae a las principales empresas que apuestan por M\u00e1laga como sede para su implantaci\u00f3n internacional , debiendo la oferta formativa ser capaz de adaptase a las exigencias y calidad requeridas por estas empresas.<\/p>\n<p>En este sentido, la Escuela de Negocios de la C\u00e1mara de Comercio de M\u00e1laga aporta los recursos formativos empresariales especializados de mayor exigencia acad\u00e9mica de la provincia, siendo el M\u00e1ster en Internacionalizaci\u00f3n de Empresas un claro ejemplo de excelencia acad\u00e9mica, \u00a0lo que le ha permitido, a lo largo del tiempo, convertirse en\u00a0el\u00a0M\u00e1ster\u00a0en Comercio Exterior de referencia en Andaluc\u00eda.<\/p>\n<p>[\/et_pb_text][\/et_pb_column][\/et_pb_row][\/et_pb_section][et_pb_section fb_built=\u00bb1&#8243; _builder_version=\u00bb4.17.6&#8243; _module_preset=\u00bbdefault\u00bb background_color=\u00bbrgba(201,94,94,0.29)\u00bb global_colors_info=\u00bb{}\u00bb][et_pb_row column_structure=\u00bb1_2,1_2&#8243; _builder_version=\u00bb4.17.6&#8243; _module_preset=\u00bbdefault\u00bb custom_padding=\u00bb50px||||false|false\u00bb border_width_top=\u00bb1px\u00bb global_colors_info=\u00bb{}\u00bb][et_pb_column type=\u00bb1_2&#8243; _builder_version=\u00bb4.17.6&#8243; _module_preset=\u00bbdefault\u00bb global_colors_info=\u00bb{}\u00bb][et_pb_text _builder_version=\u00bb4.17.6&#8243; _module_preset=\u00bbdefault\u00bb global_colors_info=\u00bb{}\u00bb]<\/p>\n<h5><span style=\"color: #800000;\"><strong>3. Por que las C\u00e1maras de Comercio son las instituciones de mayor prestigio en la internacionaizaci\u00f3n de empresa.<\/strong><\/span><\/h5>\n<p>Las C\u00e1maras de Comercio consientes de este desaf\u00edo han respondido con una\u00a0formaci\u00f3n especializada\u00a0que cuenta con los mejores profesionales para desarrollar programas de expertos, posgrados o\u00a0Maestr\u00edas en Comercio Exterior.<\/p>\n<p>Con un enfoque nuevo y din\u00e1mico la C\u00e1mara de Comercio de M\u00e1laga lanz\u00f3 en 2012 el primer\u00a0M\u00e1ster en Comercio Exterior\u00a0de la provincia de M\u00e1laga para ayudar a los profesionales a prepararse en su desarrollo directivo en el \u00e1mbito internacional, con los mejores docentes seleccionados por su experiencia y por su capacidad de comunicaci\u00f3n, formadores y expertos nacionales e internacionales, todos ellos de visi\u00f3n global, pero tambi\u00e9n con adaptaci\u00f3n a los requerimientos y necesidades empresariales del tejido econ\u00f3mico Andaluz.<\/p>\n<p>Las C\u00e1maras de Comercio son los centros de formaci\u00f3n empresarial m\u00e1s conocidos a nivel nacional e internacional, incluso por encima de cualquier Escuela de Negocios Europea, seg\u00fan los datos de una Investigaci\u00f3n independiente realizada por la empresa MDK Investigaci\u00f3n de Mercados en el a\u00f1o 2011. Existen C\u00e1maras de Comercio en 162 pa\u00edses y la formaci\u00f3n es por ley una de sus funciones b\u00e1sicas.<\/p>\n<p>&nbsp;<\/p>\n<p>[\/et_pb_text][\/et_pb_column][et_pb_column type=\u00bb1_2&#8243; _builder_version=\u00bb4.17.6&#8243; _module_preset=\u00bbdefault\u00bb global_colors_info=\u00bb{}\u00bb][et_pb_text _builder_version=\u00bb4.17.6&#8243; _module_preset=\u00bbdefault\u00bb custom_margin=\u00bb||||false|false\u00bb custom_padding=\u00bb|||10px|false|false\u00bb border_width_left=\u00bb1px\u00bb global_colors_info=\u00bb{}\u00bb]<\/p>\n<h5><span style=\"color: #800000;\"><strong>4. Porque las Escuelas de Negocios te acercan m\u00e1s a la realidad empresarial.<\/strong><\/span><\/h5>\n<p>Una de las ventajas de las escuelas de negocios es su mayor conexi\u00f3n con el mundo empresarial: Los t\u00edtulos privados aspiran, sobre todo, a ser rentables.<\/p>\n<p>Al tener una mayor independencia acad\u00e9mica, suelen ajustarse m\u00e1s a lo que las empresas demandan en cada momento, puesto que sus programas, son infinitamente m\u00e1s flexibles y pueden permitirse el lujo de variar en funci\u00f3n de las demandas del mercado.<\/p>\n<p>Pero a adem\u00e1s los M\u00e1steres impartidos en escuelas de negocios tienen otras ventajas como:<\/p>\n<p>\u2013 Mayor prestigio: Algunos de los t\u00edtulos propios de m\u00e1ster que ofrecen las escuelas de negocios est\u00e1n reconocidos en todo el mundo y aparecen en rankings tan prestigiosos como el de la revista Forbes, por lo que el reconocimiento y prestigio de las escuelas de negocios aporatan valor.<\/p>\n<p>\u2013 Profesorado en activo: Generalmente, y especialmente en las escuelas de negocios los docentes de los m\u00e1ster propios compaginan la docencia con su propia actividad profesional. Las escuelas de negocio en este aspecto buscan como factor diferenciador la excelencia acad\u00e9mica a trav\u00e9s de los docentes activos con mejor reputaci\u00f3n, \u00e9xito empresarial y que por tanto aporten un mayor valor al programa M\u00e1ster.<\/p>\n<p>A la hora de seleccionar la escuela de negocio, m\u00e1s all\u00e1 de los ranking donde puede existir grandes campa\u00f1as de marketing, existen muchas otras alternativas para valorar la calidad de un M\u00e1ster como preguntar a antiguos alumnos o empresas donde podr\u00edas trabajar durante el M\u00e1ster o tras cursarlo o conocer la de primera mano la excelencia acad\u00e9mica o el grado de empleabilidad que ofrece.<\/p>\n<p>[\/et_pb_text][\/et_pb_column][\/et_pb_row][\/et_pb_section][et_pb_section fb_built=\u00bb1&#8243; _builder_version=\u00bb4.17.6&#8243; _module_preset=\u00bbdefault\u00bb background_color=\u00bbrgba(201,94,94,0.29)\u00bb global_colors_info=\u00bb{}\u00bb][et_pb_row _builder_version=\u00bb4.17.6&#8243; _module_preset=\u00bbdefault\u00bb custom_padding=\u00bb50px||||false|false\u00bb border_width_top=\u00bb1px\u00bb global_colors_info=\u00bb{}\u00bb][et_pb_column type=\u00bb4_4&#8243; _builder_version=\u00bb4.17.6&#8243; _module_preset=\u00bbdefault\u00bb global_colors_info=\u00bb{}\u00bb][et_pb_text _builder_version=\u00bb4.17.6&#8243; _module_preset=\u00bbdefault\u00bb global_colors_info=\u00bb{}\u00bb]<\/p>\n<h5><span style=\"color: #800000;\"><strong>5. Porque el precio, el claustro de docentes, el programa y la tecnolog\u00eda importan<\/strong><\/span><\/h5>\n<p><span style=\"color: #333333;\"><strong>El precio, clave<\/strong><\/span><\/p>\n<p><span style=\"color: #333333;\">El coste del M\u00e1ster es uno de los principales criterios que decanta a los estudiantes por un centro u otro, por uno p\u00fablico o privado, por uno presencial u online. El abanico es tan amplio como el de t\u00edtulos.<\/span><\/p>\n<p><span style=\"color: #333333;\">Descartando los online por obvios motivos de calidad, los precios de los masteres est\u00e1n entre unos 4.000 y 90.000 euros, de ah\u00ed la importancia de acertar en la calidad\/ precio.<\/span><\/p>\n<p><span style=\"color: #333333;\">La tendencia en los precios de los m\u00e1steres es a subir, dado que las instituciones p\u00fablicas tender\u00e1n a utilizarlo como mecanismo de financiaci\u00f3n.<\/span><\/p>\n<p><span style=\"color: #333333;\"><strong>El poder del claustro de docentes<\/strong><\/span><\/p>\n<p><span style=\"color: #333333;\">La excelencia en el claustro de profesores es un aspecto fundamental a la hora de elegir un m\u00e1ster de calidad, sino el m\u00e1s importante, y una prueba de fuego para medir el prestigio de las instituciones o escuelas de negocios.<\/span><\/p>\n<p><span style=\"color: #333333;\">Una buena medida a la hora de valorar es los docentes es su experiencia profesional en el \u00e1mbito de impartici\u00f3n de su materia, es importante que los docentes sean referencia en su sector como profesionales activos.<\/span><\/p>\n<p><span style=\"color: #333333;\"><strong>El programa importa<\/strong><\/span><\/p>\n<p><span style=\"color: #333333;\">La cercan\u00eda del programa acad\u00e9mico al mundo empresarial real es fundamental a la hora de realizar la elecci\u00f3n.<\/span><\/p>\n<p><span style=\"color: #333333;\">Es importante no s\u00f3lo el contenido del\u00a0 programa del M\u00e1ster sino tambi\u00e9n la metodolog\u00eda con que se imparte, el nivel de practicidad con el que se desarrolla el m\u00e1ster, si se transformar las aulas en espacios de debate y an\u00e1lisis de problemas reales, la inclusi\u00f3n de la tecnolog\u00eda que complemente el programa, todos estos factores aportan valor a la calidad de un m\u00e1ster y deben estar detallado en el programa acad\u00e9mico.<\/span><\/p>\n<p><span style=\"color: #333333;\"><strong>La empleabilidad como factor determinante<\/strong><\/span><\/p>\n<p><span style=\"color: #333333;\">Asegurarse de que el m\u00e1ster que va a realizar realmente sirve a sus intereses: mejorar tu curr\u00edculo profesional y que las empresas te quieran fichar inmediatamente, esto es dif\u00edcil de garantizarlo, ahora bien, basarnos en porcentajes de empleabilidad de antiguo alumnos, referencias sobre las salidas profesionales del m\u00e1ster a las empresas que habitualmente contratan a los estudiantes resulta esencial para decidirte por un M\u00e1ster o incluso como<\/span><\/p>\n<p><span style=\"color: #333333;\"><strong>El ingl\u00e9s, un valor importante.<\/strong><\/span><\/p>\n<p><span style=\"color: #333333;\">Es el idioma del trabajo, de las negociaciones, del comercio internacional y el que se va a reclamar en el mercado laboral m\u00e1s pronto que tarde.<\/span><\/p>\n<p><span style=\"color: #333333;\">Adem\u00e1s del idioma la multiculturalidad dentro del alumnado del M\u00e1ster aporta un gran valor en los foros o debates que se producen en el desarrollo de un M\u00e1ster, por ello, los m\u00e1steres donde sus alumnos provengan de diferente pa\u00edses y cultura enriquece la visi\u00f3n y perspectiva del conjunto, redundando en una mayor calidad del M\u00e1ster.<\/span><\/p>\n<p><span style=\"color: #333333;\"><strong>La tecnolog\u00eda, ayuda<\/strong><\/span><\/p>\n<p><span style=\"color: #333333;\">Las tecnolog\u00edas han entrado en las aulas para mejorar la accesibilidad y metodolog\u00eda en el desarrollo de las clases, si bien es un error pensar que los cursos o M\u00e1ster masivos online o formaci\u00f3n blended pueden competir con la formaci\u00f3n presencial, si bien son m\u00e1s econ\u00f3mico hay que tener en cuenta que es a costa de la calidad que aportar el valor humano.<\/span><\/p>\n<p>[\/et_pb_text][\/et_pb_column][\/et_pb_row][\/et_pb_section][et_pb_section fb_built=\u00bb1&#8243; _builder_version=\u00bb4.17.6&#8243; _module_preset=\u00bbdefault\u00bb global_colors_info=\u00bb{}\u00bb][et_pb_row _builder_version=\u00bb4.17.6&#8243; _module_preset=\u00bbdefault\u00bb global_colors_info=\u00bb{}\u00bb][et_pb_column type=\u00bb4_4&#8243; _builder_version=\u00bb4.17.6&#8243; _module_preset=\u00bbdefault\u00bb global_colors_info=\u00bb{}\u00bb][et_pb_text _builder_version=\u00bb4.17.6&#8243; _module_preset=\u00bbdefault\u00bb global_colors_info=\u00bb{}\u00bb]<\/p>\n<p><span style=\"color: #333333;\">\u00a0<\/span><strong style=\"color: #333333; font-size: 14px;\">El M\u00e1ster en Internacionalizaci\u00f3n de Empresas\u00a0<\/strong><span style=\"color: #333333; font-size: 14px;\">de la C\u00e1mara de Comercio de M\u00e1laga destaca por ser un programa M\u00e1ster donde los alumnos m\u00e1s all\u00e1, de adquirir los conocimientos pr\u00e1cticos y habilidades para la gesti\u00f3n y administraci\u00f3n de empresas en un entrono global y una profundizaci\u00f3n en la operativa del comercio internacional, \u00a0obtienen una alt\u00edsima tasa de la empleabilidad, perciben la calidad del profesorado como uno de los valores m\u00e1s destacados y ofrece la posibilidad de <strong>realizarlo en live-streaming<\/strong> para aquellos alumnos que por circunstancias personales prefieran hacerlo desde su pa\u00eds o ciudad de origen.<\/span><\/p>\n<p>[\/et_pb_text][\/et_pb_column][\/et_pb_row][\/et_pb_section][et_pb_section fb_built=\u00bb1&#8243; _builder_version=\u00bb4.17.6&#8243; _module_preset=\u00bbdefault\u00bb global_colors_info=\u00bb{}\u00bb][et_pb_row column_structure=\u00bb1_2,1_2&#8243; _builder_version=\u00bb4.17.6&#8243; _module_preset=\u00bbdefault\u00bb global_colors_info=\u00bb{}\u00bb][et_pb_column type=\u00bb1_2&#8243; _builder_version=\u00bb4.17.6&#8243; _module_preset=\u00bbdefault\u00bb global_colors_info=\u00bb{}\u00bb][et_pb_blurb title=\u00bbM\u00c1STER EN INTERNACIONALIZACI\u00d3N DE EMPRESAS | MIE\u00bb image=\u00bbhttps:\/\/mastercomercioexterior.es\/malaga\/wp-content\/uploads\/2015\/12\/EscuelaNegocios-rojo-y-negro-copia500.png\u00bb _builder_version=\u00bb4.17.6&#8243; _module_preset=\u00bbdefault\u00bb header_text_align=\u00bbcenter\u00bb global_colors_info=\u00bb{}\u00bb]<\/p>\n<p style=\"text-align: center;\"><a href=\"mailto:info@mastercomercioexterior.es\">info@mastercomercioexterior.es<\/a> &#8211; telf. +34 951 011 239<\/p>\n<p>[\/et_pb_blurb][\/et_pb_column][et_pb_column type=\u00bb1_2&#8243; _builder_version=\u00bb4.17.6&#8243; _module_preset=\u00bbdefault\u00bb global_colors_info=\u00bb{}\u00bb][et_pb_contact_form title=\u00bbM\u00e1s informaci\u00f3n\u00bb success_message=\u00bbMuchas gracias por contactar con la direcci\u00f3n del M\u00e1ster MIE, en breve te contactaremos.\u00bb submit_button_text=\u00bbENVIAR\u00bb _builder_version=\u00bb4.17.6&#8243; _module_preset=\u00bbdefault\u00bb _unique_id=\u00bb2963eaf7-ad45-4276-968e-b1e9e13b49ca\u00bb custom_button=\u00bbon\u00bb button_text_color=\u00bbrgba(65,140,135,0.69)\u00bb global_colors_info=\u00bb{}\u00bb][et_pb_contact_field field_id=\u00bbName\u00bb field_title=\u00bbName\u00bb fullwidth_field=\u00bbon\u00bb _builder_version=\u00bb4.17.6&#8243; global_colors_info=\u00bb{}\u00bb button_text_size__hover_enabled=\u00bboff\u00bb button_one_text_size__hover_enabled=\u00bboff\u00bb button_two_text_size__hover_enabled=\u00bboff\u00bb button_text_color__hover_enabled=\u00bboff\u00bb button_one_text_color__hover_enabled=\u00bboff\u00bb button_two_text_color__hover_enabled=\u00bboff\u00bb button_border_width__hover_enabled=\u00bboff\u00bb button_one_border_width__hover_enabled=\u00bboff\u00bb button_two_border_width__hover_enabled=\u00bboff\u00bb button_border_color__hover_enabled=\u00bboff\u00bb button_one_border_color__hover_enabled=\u00bboff\u00bb button_two_border_color__hover_enabled=\u00bboff\u00bb button_border_radius__hover_enabled=\u00bboff\u00bb button_one_border_radius__hover_enabled=\u00bboff\u00bb button_two_border_radius__hover_enabled=\u00bboff\u00bb button_letter_spacing__hover_enabled=\u00bboff\u00bb button_one_letter_spacing__hover_enabled=\u00bboff\u00bb button_two_letter_spacing__hover_enabled=\u00bboff\u00bb button_bg_color__hover_enabled=\u00bboff\u00bb button_one_bg_color__hover_enabled=\u00bboff\u00bb button_two_bg_color__hover_enabled=\u00bboff\u00bb][\/et_pb_contact_field][et_pb_contact_field field_id=\u00bbEmail\u00bb field_title=\u00bbEmail Address\u00bb field_type=\u00bbemail\u00bb _builder_version=\u00bb4.16&#8243; global_colors_info=\u00bb{}\u00bb button_text_size__hover_enabled=\u00bboff\u00bb button_one_text_size__hover_enabled=\u00bboff\u00bb button_two_text_size__hover_enabled=\u00bboff\u00bb button_text_color__hover_enabled=\u00bboff\u00bb button_one_text_color__hover_enabled=\u00bboff\u00bb button_two_text_color__hover_enabled=\u00bboff\u00bb button_border_width__hover_enabled=\u00bboff\u00bb button_one_border_width__hover_enabled=\u00bboff\u00bb button_two_border_width__hover_enabled=\u00bboff\u00bb button_border_color__hover_enabled=\u00bboff\u00bb button_one_border_color__hover_enabled=\u00bboff\u00bb button_two_border_color__hover_enabled=\u00bboff\u00bb button_border_radius__hover_enabled=\u00bboff\u00bb button_one_border_radius__hover_enabled=\u00bboff\u00bb button_two_border_radius__hover_enabled=\u00bboff\u00bb button_letter_spacing__hover_enabled=\u00bboff\u00bb button_one_letter_spacing__hover_enabled=\u00bboff\u00bb button_two_letter_spacing__hover_enabled=\u00bboff\u00bb button_bg_color__hover_enabled=\u00bboff\u00bb button_one_bg_color__hover_enabled=\u00bboff\u00bb button_two_bg_color__hover_enabled=\u00bboff\u00bb][\/et_pb_contact_field][et_pb_contact_field field_id=\u00bbTELF\u00bb field_title=\u00bbphone\u00bb field_type=\u00bbemail\u00bb _builder_version=\u00bb4.17.6&#8243; global_colors_info=\u00bb{}\u00bb button_text_size__hover_enabled=\u00bboff\u00bb button_one_text_size__hover_enabled=\u00bboff\u00bb button_two_text_size__hover_enabled=\u00bboff\u00bb button_text_color__hover_enabled=\u00bboff\u00bb button_one_text_color__hover_enabled=\u00bboff\u00bb button_two_text_color__hover_enabled=\u00bboff\u00bb button_border_width__hover_enabled=\u00bboff\u00bb button_one_border_width__hover_enabled=\u00bboff\u00bb button_two_border_width__hover_enabled=\u00bboff\u00bb button_border_color__hover_enabled=\u00bboff\u00bb button_one_border_color__hover_enabled=\u00bboff\u00bb button_two_border_color__hover_enabled=\u00bboff\u00bb button_border_radius__hover_enabled=\u00bboff\u00bb button_one_border_radius__hover_enabled=\u00bboff\u00bb button_two_border_radius__hover_enabled=\u00bboff\u00bb button_letter_spacing__hover_enabled=\u00bboff\u00bb button_one_letter_spacing__hover_enabled=\u00bboff\u00bb button_two_letter_spacing__hover_enabled=\u00bboff\u00bb button_bg_color__hover_enabled=\u00bboff\u00bb button_one_bg_color__hover_enabled=\u00bboff\u00bb button_two_bg_color__hover_enabled=\u00bboff\u00bb][\/et_pb_contact_field][et_pb_contact_field field_id=\u00bbMessage\u00bb field_title=\u00bbMessage\u00bb field_type=\u00bbtext\u00bb fullwidth_field=\u00bbon\u00bb _builder_version=\u00bb4.16&#8243; global_colors_info=\u00bb{}\u00bb button_text_size__hover_enabled=\u00bboff\u00bb button_one_text_size__hover_enabled=\u00bboff\u00bb button_two_text_size__hover_enabled=\u00bboff\u00bb button_text_color__hover_enabled=\u00bboff\u00bb button_one_text_color__hover_enabled=\u00bboff\u00bb button_two_text_color__hover_enabled=\u00bboff\u00bb button_border_width__hover_enabled=\u00bboff\u00bb button_one_border_width__hover_enabled=\u00bboff\u00bb button_two_border_width__hover_enabled=\u00bboff\u00bb button_border_color__hover_enabled=\u00bboff\u00bb button_one_border_color__hover_enabled=\u00bboff\u00bb button_two_border_color__hover_enabled=\u00bboff\u00bb button_border_radius__hover_enabled=\u00bboff\u00bb button_one_border_radius__hover_enabled=\u00bboff\u00bb button_two_border_radius__hover_enabled=\u00bboff\u00bb button_letter_spacing__hover_enabled=\u00bboff\u00bb button_one_letter_spacing__hover_enabled=\u00bboff\u00bb button_two_letter_spacing__hover_enabled=\u00bboff\u00bb button_bg_color__hover_enabled=\u00bboff\u00bb button_one_bg_color__hover_enabled=\u00bboff\u00bb button_two_bg_color__hover_enabled=\u00bboff\u00bb][\/et_pb_contact_field][\/et_pb_contact_form][\/et_pb_column][\/et_pb_row][\/et_pb_section]<\/p>\n","protected":false},"excerpt":{"rendered":"<p>Si est\u00e1s pensando en realizar un M\u00e1ster en Espa\u00f1a no dejes de leer este post porque puede ser tu mejor opci\u00f3n.Si resides fuera de Espa\u00f1a y est\u00e1s pensando en realizar un M\u00e1ster en Espa\u00f1a no dejes de leer este post porque puede ser tu mejor opci\u00f3n. Desde la primera edici\u00f3n del M\u00e1ster en internacionalizaci\u00f3n de [&hellip;]<\/p>\n","protected":false},"author":10,"featured_media":0,"comment_status":"closed","ping_status":"open","sticky":false,"template":"","format":"standard","meta":{"_et_pb_use_builder":"on","_et_pb_old_content":"","_et_gb_content_width":"2880","footnotes":""},"class_list":["post-4794","post","type-post","status-publish","format-standard","hentry","category-noticias-comex","tag-espana-top-master-mba-internacional","tag-master-comercio-exterior","tag-master-en-espana","tag-master-internacional-espana","tag-mejores-master-espana"],"_links":{"self":[{"href":"https:\/\/mastercomercioexterior.es\/malaga\/wp-json\/wp\/v2\/posts\/4794","targetHints":{"allow":["GET"]}}],"collection":[{"href":"https:\/\/mastercomercioexterior.es\/malaga\/wp-json\/wp\/v2\/posts"}],"about":[{"href":"https:\/\/mastercomercioexterior.es\/malaga\/wp-json\/wp\/v2\/types\/post"}],"author":[{"embeddable":true,"href":"https:\/\/mastercomercioexterior.es\/malaga\/wp-json\/wp\/v2\/users\/10"}],"replies":[{"embeddable":true,"href":"https:\/\/mastercomercioexterior.es\/malaga\/wp-json\/wp\/v2\/comments?post=4794"}],"version-history":[{"count":12,"href":"https:\/\/mastercomercioexterior.es\/malaga\/wp-json\/wp\/v2\/posts\/4794\/revisions"}],"predecessor-version":[{"id":5409,"href":"https:\/\/mastercomercioexterior.es\/malaga\/wp-json\/wp\/v2\/posts\/4794\/revisions\/5409"}],"wp:attachment":[{"href":"https:\/\/mastercomercioexterior.es\/malaga\/wp-json\/wp\/v2\/media?parent=4794"}],"curies":[{"name":"wp","href":"https:\/\/api.w.org\/{rel}","templated":true}]}}