{"id":4673,"date":"2021-08-12T10:27:16","date_gmt":"2021-08-12T08:27:16","guid":{"rendered":"https:\/\/mastercomercioexterior.es\/malaga\/?p=4673"},"modified":"2021-08-12T10:34:37","modified_gmt":"2021-08-12T08:34:37","slug":"la-importancia-de-la-formacion-especializada-y-en-concreto-de-los-masteres-como-medio-de-especializacion","status":"publish","type":"post","link":"https:\/\/mastercomercioexterior.es\/malaga\/blog\/la-importancia-de-la-formacion-especializada-y-en-concreto-de-los-masteres-como-medio-de-especializacion\/","title":{"rendered":"La importancia de la formaci\u00f3n especializada y en concreto de los M\u00e1steres como medio de especializaci\u00f3n"},"content":{"rendered":"<p>[et_pb_section fb_built=\u00bb1&#8243; _builder_version=\u00bb4.9.11&#8243; _module_preset=\u00bbdefault\u00bb global_colors_info=\u00bb{}\u00bb][et_pb_row _builder_version=\u00bb4.9.11&#8243; _module_preset=\u00bbdefault\u00bb global_colors_info=\u00bb{}\u00bb][et_pb_column type=\u00bb4_4&#8243; _builder_version=\u00bb4.9.11&#8243; _module_preset=\u00bbdefault\u00bb global_colors_info=\u00bb{}\u00bb][et_pb_text _builder_version=\u00bb4.9.11&#8243; _module_preset=\u00bbdefault\u00bb global_colors_info=\u00bb{}\u00bb]<\/p>\n<p>En este post queremos hacernos eco de un interesante art\u00edculo del medio digital\u00a0 Econom\u00eda 3 donde se plantea a diversas universidades y escuelas de negocios diferentes cuestiones tales como: \u00a0\u00bfPor qu\u00e9 sigue siendo tan necesaria la \u00a0especializaci\u00f3n y cursar un M\u00e1ster? \u00bfQu\u00e9 aspectos han cambiado o se han visto acelerados a ra\u00edz de la pandemia?\u00a0\u00bfFalta o exceso de control en la regulaci\u00f3n de la formaci\u00f3n? \u00bfEn qu\u00e9 se diferencian las distintas escuelas de negocios? Se est\u00e1 dando una oferta formativa de calidad.<\/p>\n<p>En 2019 se impartieron en Espa\u00f1a m\u00e1s titulaciones de m\u00e1ster que de grado, en concreto 3.638 m\u00e1steres frente a 3.008 grados.\u00a0El total de alumnos matriculados en m\u00e1steres fueron 234.214 alumnos, estos datos sin duda reflejan la importancia de la formaci\u00f3n especializada y en concreto de los M\u00e1steres como medio de especializaci\u00f3n, \u00a0en este sentido el 100% de los encuestados consideraron los m\u00e1steres como la oferta formativa id\u00f3nea y acorde a la evoluci\u00f3n de una carrera profesional para seguir prepar\u00e1ndose.<\/p>\n<p>[\/et_pb_text][\/et_pb_column][\/et_pb_row][\/et_pb_section][et_pb_section fb_built=\u00bb1&#8243; _builder_version=\u00bb4.9.11&#8243; _module_preset=\u00bbdefault\u00bb global_colors_info=\u00bb{}\u00bb][et_pb_row column_structure=\u00bb1_2,1_2&#8243; _builder_version=\u00bb4.9.11&#8243; _module_preset=\u00bbdefault\u00bb global_colors_info=\u00bb{}\u00bb][et_pb_column type=\u00bb1_2&#8243; _builder_version=\u00bb4.9.11&#8243; _module_preset=\u00bbdefault\u00bb global_colors_info=\u00bb{}\u00bb][et_pb_image src=\u00bbhttps:\/\/mastercomercioexterior.es\/malaga\/wp-content\/uploads\/2021\/08\/masteres-malaga-4.jpg\u00bb title_text=\u00bbmasteres malaga (4)\u00bb _builder_version=\u00bb4.9.11&#8243; _module_preset=\u00bbdefault\u00bb global_colors_info=\u00bb{}\u00bb][\/et_pb_image][\/et_pb_column][et_pb_column type=\u00bb1_2&#8243; _builder_version=\u00bb4.9.11&#8243; _module_preset=\u00bbdefault\u00bb global_colors_info=\u00bb{}\u00bb][et_pb_image src=\u00bbhttps:\/\/mastercomercioexterior.es\/malaga\/wp-content\/uploads\/2021\/08\/masteres-malaga-3.jpg\u00bb title_text=\u00bbmasteres malaga (3)\u00bb _builder_version=\u00bb4.9.11&#8243; _module_preset=\u00bbdefault\u00bb global_colors_info=\u00bb{}\u00bb][\/et_pb_image][\/et_pb_column][\/et_pb_row][\/et_pb_section][et_pb_section fb_built=\u00bb1&#8243; _builder_version=\u00bb4.9.11&#8243; _module_preset=\u00bbdefault\u00bb global_colors_info=\u00bb{}\u00bb][et_pb_row _builder_version=\u00bb4.9.11&#8243; _module_preset=\u00bbdefault\u00bb global_colors_info=\u00bb{}\u00bb][et_pb_column type=\u00bb4_4&#8243; _builder_version=\u00bb4.9.11&#8243; _module_preset=\u00bbdefault\u00bb global_colors_info=\u00bb{}\u00bb][et_pb_text _builder_version=\u00bb4.9.11&#8243; _module_preset=\u00bbdefault\u00bb global_colors_info=\u00bb{}\u00bb]<\/p>\n<p>Tanto las Universidades como Escuelas de Negocios afirman que detectan las necesidades formativas contactando directamente con las empresas y los colegios profesionales. Sin embargo la velocidad a la hora de implantar las necesidades formativas, el 50% considera que se puede implementar r\u00e1pidamente \u201csiempre que no haya trabas administrativas, pol\u00edticas y econ\u00f3micas\u201d. Mientras que el otro 50% considera que s\u00ed que existe una falta de agilidad lo achacan a un exceso de burocracia administrativa, a la falta de profesorado preparado y de presupuesto para su contrataci\u00f3n.<\/p>\n<p>El 64% de los responsables de las diferentes universidades y centros formativos consideran que\u00a0no hay un excesivo control por parte de los organismos reguladores\u00a0frente al 36% que piensa afirmativamente. El control por parte de los organismos reguladores es importante con el fin de garantizar programas de calidad y una buena experiencia formativa a los alumnos.<\/p>\n<p>[\/et_pb_text][\/et_pb_column][\/et_pb_row][et_pb_row column_structure=\u00bb1_2,1_2&#8243; _builder_version=\u00bb4.9.11&#8243; _module_preset=\u00bbdefault\u00bb global_colors_info=\u00bb{}\u00bb][et_pb_column type=\u00bb1_2&#8243; _builder_version=\u00bb4.9.11&#8243; _module_preset=\u00bbdefault\u00bb global_colors_info=\u00bb{}\u00bb][et_pb_image src=\u00bbhttps:\/\/mastercomercioexterior.es\/malaga\/wp-content\/uploads\/2021\/08\/masteres-malaga.jpg\u00bb title_text=\u00bbmasteres malaga\u00bb _builder_version=\u00bb4.9.11&#8243; _module_preset=\u00bbdefault\u00bb global_colors_info=\u00bb{}\u00bb][\/et_pb_image][\/et_pb_column][et_pb_column type=\u00bb1_2&#8243; _builder_version=\u00bb4.9.11&#8243; _module_preset=\u00bbdefault\u00bb global_colors_info=\u00bb{}\u00bb][et_pb_image src=\u00bbhttps:\/\/mastercomercioexterior.es\/malaga\/wp-content\/uploads\/2021\/08\/masteres-malaga-1.jpg\u00bb title_text=\u00bbmasteres malaga (1)\u00bb _builder_version=\u00bb4.9.11&#8243; _module_preset=\u00bbdefault\u00bb global_colors_info=\u00bb{}\u00bb][\/et_pb_image][\/et_pb_column][\/et_pb_row][\/et_pb_section][et_pb_section fb_built=\u00bb1&#8243; _builder_version=\u00bb4.9.11&#8243; _module_preset=\u00bbdefault\u00bb global_colors_info=\u00bb{}\u00bb][et_pb_row _builder_version=\u00bb4.9.11&#8243; _module_preset=\u00bbdefault\u00bb global_colors_info=\u00bb{}\u00bb][et_pb_column type=\u00bb4_4&#8243; _builder_version=\u00bb4.9.11&#8243; _module_preset=\u00bbdefault\u00bb global_colors_info=\u00bb{}\u00bb][et_pb_text _builder_version=\u00bb4.9.11&#8243; _module_preset=\u00bbdefault\u00bb hover_enabled=\u00bb0&#8243; global_colors_info=\u00bb{}\u00bb sticky_enabled=\u00bb0&#8243;]<\/p>\n<p>Universidades y Escuelas de Negocios tienen una ardua tarea si quieren competir en un entorno global, necesitan ofrecer contenidos muy ajustados a la realidad empresarial y sus necesidades, adaptarse a la nueva realidad post pandemia; ofrecer programas de calidad a alumnos cada vez m\u00e1s exigentes que precisan de una formaci\u00f3n especializada y adaptada a realidad empresarial.<\/p>\n<p>Desde el <a href=\"https:\/\/mastercomercioexterior.es\/malaga\/contactos-master\/\" target=\"_blank\" rel=\"noopener\">M\u00e1ster en Internacionalizaci\u00f3n de Empresas<\/a> nos identificamos con las conclusiones del estudio apostando por una formaci\u00f3n de calidad adatada a la realidad empresarial que especialice a los alumnos para afrontar la internacionalizaci\u00f3n de las empresas con garant\u00edas de \u00e9xito.<\/p>\n<p>[\/et_pb_text][\/et_pb_column][\/et_pb_row][\/et_pb_section]<\/p>\n","protected":false},"excerpt":{"rendered":"<p>En este post queremos hacernos eco de un interesante art\u00edculo del medio digital\u00a0 Econom\u00eda 3 donde se plantea a diversas universidades y escuelas de negocios diferentes cuestiones tales como: \u00a0\u00bfPor qu\u00e9 sigue siendo tan necesaria la \u00a0especializaci\u00f3n y cursar un M\u00e1ster? \u00bfQu\u00e9 aspectos han cambiado o se han visto acelerados a ra\u00edz de la pandemia?\u00a0\u00bfFalta [&hellip;]<\/p>\n","protected":false},"author":10,"featured_media":0,"comment_status":"closed","ping_status":"open","sticky":false,"template":"","format":"standard","meta":{"_et_pb_use_builder":"on","_et_pb_old_content":"","_et_gb_content_width":"2880","footnotes":""},"class_list":["post-4673","post","type-post","status-publish","format-standard","hentry","category-noticias-comex","tag-comercio-exterior-masteres","tag-master-en-internacionalizacion-de-emrpesas"],"_links":{"self":[{"href":"https:\/\/mastercomercioexterior.es\/malaga\/wp-json\/wp\/v2\/posts\/4673","targetHints":{"allow":["GET"]}}],"collection":[{"href":"https:\/\/mastercomercioexterior.es\/malaga\/wp-json\/wp\/v2\/posts"}],"about":[{"href":"https:\/\/mastercomercioexterior.es\/malaga\/wp-json\/wp\/v2\/types\/post"}],"author":[{"embeddable":true,"href":"https:\/\/mastercomercioexterior.es\/malaga\/wp-json\/wp\/v2\/users\/10"}],"replies":[{"embeddable":true,"href":"https:\/\/mastercomercioexterior.es\/malaga\/wp-json\/wp\/v2\/comments?post=4673"}],"version-history":[{"count":4,"href":"https:\/\/mastercomercioexterior.es\/malaga\/wp-json\/wp\/v2\/posts\/4673\/revisions"}],"predecessor-version":[{"id":4678,"href":"https:\/\/mastercomercioexterior.es\/malaga\/wp-json\/wp\/v2\/posts\/4673\/revisions\/4678"}],"wp:attachment":[{"href":"https:\/\/mastercomercioexterior.es\/malaga\/wp-json\/wp\/v2\/media?parent=4673"}],"curies":[{"name":"wp","href":"https:\/\/api.w.org\/{rel}","templated":true}]}}