{"id":4370,"date":"2021-02-15T09:26:41","date_gmt":"2021-02-15T08:26:41","guid":{"rendered":"https:\/\/mastercomercioexterior.es\/malaga\/?p=4370"},"modified":"2021-02-15T09:37:31","modified_gmt":"2021-02-15T08:37:31","slug":"ejecutivo-comercio-internacional","status":"publish","type":"post","link":"https:\/\/mastercomercioexterior.es\/malaga\/blog\/ejecutivo-comercio-internacional\/","title":{"rendered":"Ejecutivo Comercio Internacional"},"content":{"rendered":"\n[et_pb_section fb_built=\u00bb1&#8243; fullwidth=\u00bbon\u00bb _builder_version=\u00bb3.22&#8243;][et_pb_fullwidth_header title=\u00bbOPORTUNIDAD LABORAL\u00bb subhead=\u00bbEjecutivo comercio internacional\u00bb text_orientation=\u00bbcenter\u00bb _builder_version=\u00bb4.8.0&#8243; background_color=\u00bbrgba(255, 255, 255, 0)\u00bb background_layout=\u00bblight\u00bb hover_enabled=\u00bb0&#8243; button_one_text_size__hover_enabled=\u00bboff\u00bb button_two_text_size__hover_enabled=\u00bboff\u00bb button_one_text_color__hover_enabled=\u00bboff\u00bb button_two_text_color__hover_enabled=\u00bboff\u00bb button_one_border_width__hover_enabled=\u00bboff\u00bb button_two_border_width__hover_enabled=\u00bboff\u00bb button_one_border_color__hover_enabled=\u00bboff\u00bb button_two_border_color__hover_enabled=\u00bboff\u00bb button_one_border_radius__hover_enabled=\u00bboff\u00bb button_two_border_radius__hover_enabled=\u00bboff\u00bb button_one_letter_spacing__hover_enabled=\u00bboff\u00bb button_two_letter_spacing__hover_enabled=\u00bboff\u00bb button_one_bg_color__hover_enabled=\u00bboff\u00bb button_two_bg_color__hover_enabled=\u00bboff\u00bb sticky_enabled=\u00bb0&#8243;]<p>Fecha publicaci\u00f3n: 15\/02\/2021<\/p>\n[\/et_pb_fullwidth_header][\/et_pb_section][et_pb_section fb_built=\u00bb1&#8243; _builder_version=\u00bb3.22&#8243;][et_pb_row _builder_version=\u00bb3.25&#8243; background_size=\u00bbinitial\u00bb background_position=\u00bbtop_left\u00bb background_repeat=\u00bbrepeat\u00bb][et_pb_column type=\u00bb4_4&#8243; _builder_version=\u00bb3.25&#8243; custom_padding=\u00bb|||\u00bb custom_padding__hover=\u00bb|||\u00bb][et_pb_text _builder_version=\u00bb4.8.0&#8243; hover_enabled=\u00bb0&#8243; sticky_enabled=\u00bb0&#8243;]<p><strong>DESCRIPCI\u00d3N DE LA EMPRESA Y SU ACTIVIDAD:<\/strong><br \/> Ingenieria dedicada a la eficiencia energ\u00e9tica con un producto \u00fanico de captadores solares por aire<\/p>\n<p><strong>UBICACI\u00d3N DEL PUESTO DE TRABAJO<\/strong><\/p>\n<p>Torneo Parque empresarial. Sevilla<\/p>\n<p><strong>REQUISITOS:<\/strong><br \/> Perfil comercial internacional,<\/p>\n<p>Imprescindible, dominio del ingl\u00e9s.<\/p>\n<p class=\"Default\"><span style=\"font-size: 11.0pt;\">Comercio exterior y marketing.<o:p><\/o:p><\/span><\/p>\n<p><strong>EXPERIENCIA M\u00cdNIMA:<\/strong><br \/> 3 a\u00f1os.<\/p>\n<p><strong>\u00a0<\/strong><\/p>\n<p><strong>SE VALORA:<\/strong><br \/> Fluidez en otro\/s idioma\/s muy valorable.<\/p>\n<p>Conocimiento de ingenier\u00eda.<\/p>\n<p>&nbsp;<\/p>\n<p><strong>DESCRIPCI\u00d3N DEL PUESTO:<br \/> <\/strong><\/p>\n<p>Gesti\u00f3n cartera clientes y apertura de nuevos puntos de negocio. Liderazgo para manejar equipos de personas y con ganas de crecer profesionalmente . Cumplimiento de objetivos cuantitativos.<\/p>\n<p><strong>\u00a0<\/strong><\/p>\n<p><strong>TIPO DE CONTRATO:\u00a0<\/strong><br \/> Contrato laboral y proyecci\u00f3n a largo plazo en empresa.<\/p>\n<p><strong>\u00a0<\/strong><\/p>\n<p><strong>SALARIO\u00a0<\/strong><\/p>\n<p>1.600 \u20ac brutos fijos + variable por objetivos.<\/p>\n[\/et_pb_text][\/et_pb_column][\/et_pb_row][\/et_pb_section]\n","protected":false},"excerpt":{"rendered":"<p>Fecha publicaci\u00f3n: 15\/02\/2021 DESCRIPCI\u00d3N DE LA EMPRESA Y SU ACTIVIDAD: Ingenieria dedicada a la eficiencia energ\u00e9tica con un producto \u00fanico de captadores solares por aire UBICACI\u00d3N DEL PUESTO DE TRABAJO Torneo Parque empresarial. Sevilla REQUISITOS: Perfil comercial internacional, Imprescindible, dominio del ingl\u00e9s. Comercio exterior y marketing. EXPERIENCIA M\u00cdNIMA: 3 a\u00f1os. \u00a0 SE VALORA: Fluidez en [&hellip;]<\/p>\n","protected":false},"author":10,"featured_media":0,"comment_status":"closed","ping_status":"open","sticky":false,"template":"","format":"standard","meta":{"_et_pb_use_builder":"on","_et_pb_old_content":"","_et_gb_content_width":"","footnotes":""},"class_list":["post-4370","post","type-post","status-publish","format-standard","hentry","category-oportunidades-laborales-comercio-exterior"],"_links":{"self":[{"href":"https:\/\/mastercomercioexterior.es\/malaga\/wp-json\/wp\/v2\/posts\/4370","targetHints":{"allow":["GET"]}}],"collection":[{"href":"https:\/\/mastercomercioexterior.es\/malaga\/wp-json\/wp\/v2\/posts"}],"about":[{"href":"https:\/\/mastercomercioexterior.es\/malaga\/wp-json\/wp\/v2\/types\/post"}],"author":[{"embeddable":true,"href":"https:\/\/mastercomercioexterior.es\/malaga\/wp-json\/wp\/v2\/users\/10"}],"replies":[{"embeddable":true,"href":"https:\/\/mastercomercioexterior.es\/malaga\/wp-json\/wp\/v2\/comments?post=4370"}],"version-history":[{"count":4,"href":"https:\/\/mastercomercioexterior.es\/malaga\/wp-json\/wp\/v2\/posts\/4370\/revisions"}],"predecessor-version":[{"id":4376,"href":"https:\/\/mastercomercioexterior.es\/malaga\/wp-json\/wp\/v2\/posts\/4370\/revisions\/4376"}],"wp:attachment":[{"href":"https:\/\/mastercomercioexterior.es\/malaga\/wp-json\/wp\/v2\/media?parent=4370"}],"curies":[{"name":"wp","href":"https:\/\/api.w.org\/{rel}","templated":true}]}}