{"id":3344,"date":"2018-06-29T19:36:54","date_gmt":"2018-06-29T17:36:54","guid":{"rendered":"https:\/\/mastercomercioexterior.es\/malaga\/?p=3344"},"modified":"2018-06-29T19:40:00","modified_gmt":"2018-06-29T17:40:00","slug":"responsable-comercial-emiratos-arabes-unidos","status":"publish","type":"post","link":"https:\/\/mastercomercioexterior.es\/malaga\/blog\/responsable-comercial-emiratos-arabes-unidos\/","title":{"rendered":"Responsable Comercial Emiratos \u00c1rabes Unidos"},"content":{"rendered":"<p>[et_pb_section bb_built=\u00bb1&#8243; fullwidth=\u00bbon\u00bb specialty=\u00bboff\u00bb next_background_color=\u00bb#000000&#8243;][et_pb_fullwidth_header _builder_version=\u00bb3.9&#8243; title=\u00bb Responsable Comercial Emiratos \u00c1rabes Unidos\u00bb subhead=\u00bbOportunida laboral exterior\u00bb background_color=\u00bb#ffffff\u00bb text_orientation=\u00bbcenter\u00bb background_layout=\u00bblight\u00bb]<\/p>\n<p>Fecha publicaci\u00f3n: 25 de junio 2018<\/p>\n<p>[\/et_pb_fullwidth_header][\/et_pb_section][et_pb_section bb_built=\u00bb1&#8243; prev_background_color=\u00bb#000000&#8243;][et_pb_row][et_pb_column type=\u00bb4_4&#8243;][et_pb_text _builder_version=\u00bb3.9&#8243;]<\/p>\n<p>Responsable Comercial Emiratos \u00c1rabes Unidos.<\/p>\n<p>importante empresa espa\u00f1ola con presencia internacional y dedicada a la fabricaci\u00f3n y distribuci\u00f3n de productos industriales, precisa incorporar un\/a Responsable Comercial Emiratos \u00c1rabes Unidos.<\/p>\n<p><strong>Ubicaci\u00f3n del puesto:<\/strong> EAU y llevar\u00e1 a cabo labores de expansi\u00f3n en Oriente Medio.<\/p>\n<p>Se ofrece incorporaci\u00f3n estable en empresa l\u00edder en el sector e interesantes condiciones contractuales (fijo + variable) y coche de empresa.<\/p>\n<p>REQUISITOS:<\/p>\n<p>Idiomas: Ingl\u00e9s muy alto (se realizar\u00e1 prueba de nivel).<\/p>\n<p>Titulaci\u00f3n Superior y <strong>M\u00e1ster en comercio exterior o gesti\u00f3n internacional de empresas.<\/strong><\/p>\n<p>Experiencia comercial o de desarrollo de negocio de aproximadamente 3 a\u00f1os, preferentemente en ingenier\u00edas o sectores industriales.<\/p>\n<p><strong>Con experiencia en entornos internacionales, preferentemente pa\u00edses \u00e1rabes.<\/strong><\/p>\n<p>[\/et_pb_text][\/et_pb_column][\/et_pb_row][\/et_pb_section]<\/p>\n","protected":false},"excerpt":{"rendered":"<p>Fecha publicaci\u00f3n: 25 de junio 2018 <div class=\"et_pb_row et_pb_row_0 et_pb_row_empty\">\n\t\t\t\t\n\t\t\t\t\n\t\t\t\t\n\t\t\t\t\n\t\t\t\t\n\t\t\t<\/div> Responsable Comercial Emiratos \u00c1rabes Unidos. importante empresa espa\u00f1ola con presencia internacional y dedicada a la fabricaci\u00f3n y distribuci\u00f3n de productos industriales, precisa incorporar un\/a Responsable Comercial Emiratos \u00c1rabes Unidos. Ubicaci\u00f3n del puesto: EAU y llevar\u00e1 a cabo labores de expansi\u00f3n en Oriente Medio. Se ofrece incorporaci\u00f3n estable en [&hellip;]<\/p>\n","protected":false},"author":2,"featured_media":0,"comment_status":"closed","ping_status":"open","sticky":false,"template":"","format":"standard","meta":{"_et_pb_use_builder":"on","_et_pb_old_content":"","_et_gb_content_width":"","footnotes":""},"class_list":["post-3344","post","type-post","status-publish","format-standard","hentry","category-oportunidades-laborales-comercio-exterior"],"_links":{"self":[{"href":"https:\/\/mastercomercioexterior.es\/malaga\/wp-json\/wp\/v2\/posts\/3344","targetHints":{"allow":["GET"]}}],"collection":[{"href":"https:\/\/mastercomercioexterior.es\/malaga\/wp-json\/wp\/v2\/posts"}],"about":[{"href":"https:\/\/mastercomercioexterior.es\/malaga\/wp-json\/wp\/v2\/types\/post"}],"author":[{"embeddable":true,"href":"https:\/\/mastercomercioexterior.es\/malaga\/wp-json\/wp\/v2\/users\/2"}],"replies":[{"embeddable":true,"href":"https:\/\/mastercomercioexterior.es\/malaga\/wp-json\/wp\/v2\/comments?post=3344"}],"version-history":[{"count":0,"href":"https:\/\/mastercomercioexterior.es\/malaga\/wp-json\/wp\/v2\/posts\/3344\/revisions"}],"wp:attachment":[{"href":"https:\/\/mastercomercioexterior.es\/malaga\/wp-json\/wp\/v2\/media?parent=3344"}],"curies":[{"name":"wp","href":"https:\/\/api.w.org\/{rel}","templated":true}]}}